{"id":13754,"date":"2020-06-19T05:18:51","date_gmt":"2020-06-19T05:18:51","guid":{"rendered":"https:\/\/atlantisng.com\/blog\/?p=13754"},"modified":"2023-11-20T21:52:09","modified_gmt":"2023-11-20T21:52:09","slug":"la-hipotesis-transeurasiatico-caucasiana-del-iberico-seltar-como-termino-funerario-para-lapida-sepulcral","status":"publish","type":"post","link":"https:\/\/atlantisng.com\/blog\/la-hipotesis-transeurasiatico-caucasiana-del-iberico-seltar-como-termino-funerario-para-lapida-sepulcral\/","title":{"rendered":"La hip\u00f3tesis transeurasi\u00e1tico-caucasiana del ib\u00e9rico seltar como t\u00e9rmino funerario para l\u00e1pida sepulcral."},"content":{"rendered":"<p align=\"justify\"><em>Nota: se trata de un cap\u00edtulo de mi libro: \u00abIB\u00c9RICO TRANSEURASI\u00c1TICO. La hip\u00f3tesis eusko-ibero-altaica y caucasiana\u00bb, actualmente en proceso de edici\u00f3n. Llevo varios a\u00f1os prepar\u00e1ndolo, pero ya he tenido que parar porque se ha hecho demasiado voluminoso.<\/em><\/p>\n<p align=\"justify\"><span style=\"font-size: small;\"><span style=\"font-family: Ebrima;\">Otra voz que parece pertenecer al l\u00e9xico funerario es el ib\u00e9rico <\/span><span style=\"font-family: Ebrima;\"><i><b>sel<\/b><\/i><\/span><span style=\"font-family: Ebrima;\"><i><b>t<\/b><\/i><\/span><span style=\"font-family: Ebrima;\"><i><b>ar<\/b><\/i><\/span><span style=\"font-family: Ebrima;\">\/<\/span><span style=\"font-family: Ebrima;\"><i><b>sel<\/b><\/i><\/span><span style=\"font-family: Ebrima;\"><i><b>d<\/b><\/i><\/span><span style=\"font-family: Ebrima;\"><i><b>ar<\/b><\/i><\/span><span style=\"font-family: Ebrima;\">.<a class=\"sdfootnoteanc\" href=\"#sdfootnote1sym\" name=\"sdfootnote1anc\"><sup>1<\/sup><\/a> Su condici\u00f3n como t\u00e9rmino funerario no ha sido pr\u00e1cticamente puesta en duda por nadie. Parece haber un consenso casi total en este sentido.<\/span> <span style=\"font-family: Ebrima;\">En palabras del profesor de filolog\u00eda cl\u00e1sica Francisco Castillo Pi\u00f1a (Valencia, 2009, p. 81)&#8230;<\/span><\/span><\/p>\n<p align=\"justify\"><a href=\"https:\/\/atlantisng.com\/blog\/wp-content\/uploads\/2020\/06\/IB\u00c9RICO-TRANSEURASI\u00c1TICO.-La-hip\u00f3tesis-eusko-ibero-altaica-y-caucasiana-Georgeos-D\u00edaz-Montexano-2020-Cap\u00edtulo-SELTAR.pdf\">Seguir leyendo en el siguiente PDF &gt;&gt;&gt;<\/a><\/p>\n<p style=\"text-align: center;\" align=\"justify\"><a href=\"https:\/\/atlantisng.com\/blog\/wp-content\/uploads\/2020\/06\/IB%C3%89RICO-TRANSEURASI%C3%81TICO.-La-hip%C3%B3tesis-eusko-ibero-altaica-y-caucasiana-Georgeos-D%C3%ADaz-Montexano-2020-Cap%C3%ADtulo-SELTAR.pdf\"><img fetchpriority=\"high\" decoding=\"async\" class=\"aligncenter size-full wp-image-13756\" src=\"https:\/\/atlantisng.com\/blog\/wp-content\/uploads\/2020\/06\/seltar01.png\" alt=\"La hip\u00f3tesis transeurasi\u00e1tico-caucasiana del ib\u00e9rico seltar como t\u00e9rmino funerario para l\u00e1pida sepulcral.\" width=\"1052\" height=\"538\" srcset=\"https:\/\/atlantisng.com\/blog\/wp-content\/uploads\/2020\/06\/seltar01.png 1052w, https:\/\/atlantisng.com\/blog\/wp-content\/uploads\/2020\/06\/seltar01-300x153.png 300w, https:\/\/atlantisng.com\/blog\/wp-content\/uploads\/2020\/06\/seltar01-1024x524.png 1024w, https:\/\/atlantisng.com\/blog\/wp-content\/uploads\/2020\/06\/seltar01-768x393.png 768w\" sizes=\"(max-width: 1052px) 100vw, 1052px\" \/><\/a><\/p>\n","protected":false},"excerpt":{"rendered":"<p>Nota: se trata de un cap\u00edtulo de mi libro: \u00abIB\u00c9RICO TRANSEURASI\u00c1TICO. La hip\u00f3tesis eusko-ibero-altaica y caucasiana\u00bb, actualmente en proceso de edici\u00f3n. Llevo varios a\u00f1os prepar\u00e1ndolo, pero ya &hellip; <\/p>\n","protected":false},"author":1,"featured_media":13756,"comment_status":"open","ping_status":"open","sticky":false,"template":"","format":"standard","meta":{"cybocfi_hide_featured_image":"yes","footnotes":""},"categories":[2,4,7],"tags":[126,140,2657,398,2659,2660,698,699,770,771,932,934,1222,1230,1236,1474,1476,2666,2661,2663,2662,2277,2279,2646,2658,2502,2503,2664,2665],"class_list":["post-13754","post","type-post","status-publish","format-standard","has-post-thumbnail","hentry","category-antiguas-civilizaciones","category-articulos","category-escriptologia","tag-altaic","tag-altaicos","tag-atlaicas","tag-ban","tag-caucasianas","tag-caucasicas","tag-desciframiento","tag-desciframiento-de-la-lengua-ibera","tag-eban","tag-ebanen","tag-eurasiaticas","tag-eurasiaticos","tag-iberica","tag-ibericos","tag-iberos","tag-lengua-ibera","tag-lengua-iberica","tag-nai","tag-seldar","tag-seldor","tag-seltar","tag-sino-caucasianas","tag-sino-caucasicas","tag-transeurasiaticas","tag-transeurasiaticos","tag-turquicas","tag-turquicos","tag-vi","tag-yi"],"_links":{"self":[{"href":"https:\/\/atlantisng.com\/blog\/wp-json\/wp\/v2\/posts\/13754","targetHints":{"allow":["GET"]}}],"collection":[{"href":"https:\/\/atlantisng.com\/blog\/wp-json\/wp\/v2\/posts"}],"about":[{"href":"https:\/\/atlantisng.com\/blog\/wp-json\/wp\/v2\/types\/post"}],"author":[{"embeddable":true,"href":"https:\/\/atlantisng.com\/blog\/wp-json\/wp\/v2\/users\/1"}],"replies":[{"embeddable":true,"href":"https:\/\/atlantisng.com\/blog\/wp-json\/wp\/v2\/comments?post=13754"}],"version-history":[{"count":6,"href":"https:\/\/atlantisng.com\/blog\/wp-json\/wp\/v2\/posts\/13754\/revisions"}],"predecessor-version":[{"id":16417,"href":"https:\/\/atlantisng.com\/blog\/wp-json\/wp\/v2\/posts\/13754\/revisions\/16417"}],"wp:featuredmedia":[{"embeddable":true,"href":"https:\/\/atlantisng.com\/blog\/wp-json\/wp\/v2\/media\/13756"}],"wp:attachment":[{"href":"https:\/\/atlantisng.com\/blog\/wp-json\/wp\/v2\/media?parent=13754"}],"wp:term":[{"taxonomy":"category","embeddable":true,"href":"https:\/\/atlantisng.com\/blog\/wp-json\/wp\/v2\/categories?post=13754"},{"taxonomy":"post_tag","embeddable":true,"href":"https:\/\/atlantisng.com\/blog\/wp-json\/wp\/v2\/tags?post=13754"}],"curies":[{"name":"wp","href":"https:\/\/api.w.org\/{rel}","templated":true}]}}