{"id":1383,"date":"2013-06-22T12:04:17","date_gmt":"2013-06-22T10:04:17","guid":{"rendered":"http:\/\/georgeosdiazmontexano.wordpress.com\/?p=1383"},"modified":"2013-06-22T12:04:17","modified_gmt":"2013-06-22T10:04:17","slug":"un-investigador-dedica-su-vida-a-estudiar-el-mito-de-la-atlantida-huelva-noticias","status":"publish","type":"post","link":"https:\/\/atlantisng.com\/blog\/un-investigador-dedica-su-vida-a-estudiar-el-mito-de-la-atlantida-huelva-noticias\/","title":{"rendered":"Un investigador dedica su vida a estudiar el mito de la Atl\u00e1ntida &#124; Huelva Noticias"},"content":{"rendered":"<p>Pulsa sobre la imagen para verla a tama\u00f1o real y poder leerlo correctamente. S\u00ed despu\u00e9s se te muestra en una nueva ventana ajustada a la altura de la misma, y por tanto, muy peque\u00f1a, s\u00f3lo tienes que volver a pulsar sobre la misma.<br \/>\n<a href=\"http:\/\/georgeosdiazmontexano.files.wordpress.com\/2013\/06\/2402039.png\"><img fetchpriority=\"high\" decoding=\"async\" id=\"i-1385\" class=\"size-full wp-image \" title=\"http:\/\/huelvabuenasnoticias.com\/2013\/06\/22\/un-investigador-dedica-su-vida-a-estudiar-el-mito-de-la-atlantida\/\" src=\"http:\/\/georgeosdiazmontexano.files.wordpress.com\/2013\/06\/2402039.png?w=487\" alt=\"http:\/\/huelvabuenasnoticias.com\/2013\/06\/22\/un-investigador-dedica-su-vida-a-estudiar-el-mito-de-la-atlantida\/\" width=\"487\" height=\"3437\" \/><\/a><\/p>\n","protected":false},"excerpt":{"rendered":"<p>Pulsa sobre la imagen para verla a tama\u00f1o real y poder leerlo correctamente. S\u00ed despu\u00e9s se te muestra en una nueva ventana ajustada a la altura de &hellip; <\/p>\n","protected":false},"author":1,"featured_media":0,"comment_status":"open","ping_status":"open","sticky":false,"template":"","format":"standard","meta":{"cybocfi_hide_featured_image":"","footnotes":""},"categories":[4],"tags":[276,330,338,712,1060,1062,1199,1200,1336,1633,1634,1715,1736,1808,2008],"class_list":["post-1383","post","type-post","status-publish","format-standard","hentry","category-articulos","tag-articulos","tag-atlantida","tag-atlantis","tag-diaz-montexano","tag-georgeos","tag-georgeos-diaz-montexano","tag-huelva","tag-huelva-noticias","tag-ivana-quinteros","tag-mari-paz","tag-mari-paz-diaz","tag-mito","tag-montexano","tag-noticias","tag-platon"],"_links":{"self":[{"href":"https:\/\/atlantisng.com\/blog\/wp-json\/wp\/v2\/posts\/1383","targetHints":{"allow":["GET"]}}],"collection":[{"href":"https:\/\/atlantisng.com\/blog\/wp-json\/wp\/v2\/posts"}],"about":[{"href":"https:\/\/atlantisng.com\/blog\/wp-json\/wp\/v2\/types\/post"}],"author":[{"embeddable":true,"href":"https:\/\/atlantisng.com\/blog\/wp-json\/wp\/v2\/users\/1"}],"replies":[{"embeddable":true,"href":"https:\/\/atlantisng.com\/blog\/wp-json\/wp\/v2\/comments?post=1383"}],"version-history":[{"count":0,"href":"https:\/\/atlantisng.com\/blog\/wp-json\/wp\/v2\/posts\/1383\/revisions"}],"wp:attachment":[{"href":"https:\/\/atlantisng.com\/blog\/wp-json\/wp\/v2\/media?parent=1383"}],"wp:term":[{"taxonomy":"category","embeddable":true,"href":"https:\/\/atlantisng.com\/blog\/wp-json\/wp\/v2\/categories?post=1383"},{"taxonomy":"post_tag","embeddable":true,"href":"https:\/\/atlantisng.com\/blog\/wp-json\/wp\/v2\/tags?post=1383"}],"curies":[{"name":"wp","href":"https:\/\/api.w.org\/{rel}","templated":true}]}}