{"id":14145,"date":"2020-10-15T01:15:02","date_gmt":"2020-10-15T01:15:02","guid":{"rendered":"https:\/\/atlantisng.com\/blog\/?p=14145"},"modified":"2020-10-15T14:10:47","modified_gmt":"2020-10-15T14:10:47","slug":"la-estatua-menhir-de-shepham-del-pla-de-les-pruneres-mollet-del-valles-valles-oriental-y-el-posible-origen-neolitico-del-nombre-de-hispania","status":"publish","type":"post","link":"https:\/\/atlantisng.com\/blog\/la-estatua-menhir-de-shepham-del-pla-de-les-pruneres-mollet-del-valles-valles-oriental-y-el-posible-origen-neolitico-del-nombre-de-hispania\/","title":{"rendered":"La estatua-menhir de Shepham del \u2018Pla de les Pruneres\u2019 (Mollet del Vall\u00e8s, Vall\u00e8s Oriental) y el posible origen neol\u00edtico del nombre de Hispania."},"content":{"rendered":"<p align=\"center\"><span style=\"font-family: Rubik;\"><span style=\"font-size: large;\"><i>Georgeos D\u00edaz-Montexano, Vitalitius Accepted Member of The Epigraphic Society<\/i><\/span><\/span><\/p>\n<figure id=\"attachment_14161\" aria-describedby=\"caption-attachment-14161\" style=\"width: 2560px\" class=\"wp-caption aligncenter\"><a href=\"https:\/\/atlantisng.com\/blog\/wp-content\/uploads\/2020\/10\/La-estatua-menhir-de-Shepham-del-\u2018Pla-de-les-Pruneres-Mollet-del-Valles-Valles-Oriental-y-el-posible-origen-neolitico-del-nombre-de-Hispania.pdf\"><img fetchpriority=\"high\" decoding=\"async\" class=\"wp-image-14161 size-full\" src=\"https:\/\/atlantisng.com\/blog\/wp-content\/uploads\/2020\/10\/shepham01_copiar-1-scaled.jpg\" alt=\"La estatua-menhir de Shepham del \u2018Pla de les Pruneres\u2019 (Mollet del Vall\u00e8s, Vall\u00e8s Oriental) y el posible origen neol\u00edtico del nombre de Hispania.\" width=\"2560\" height=\"1442\" srcset=\"https:\/\/atlantisng.com\/blog\/wp-content\/uploads\/2020\/10\/shepham01_copiar-1-scaled.jpg 2560w, https:\/\/atlantisng.com\/blog\/wp-content\/uploads\/2020\/10\/shepham01_copiar-1-300x169.jpg 300w, https:\/\/atlantisng.com\/blog\/wp-content\/uploads\/2020\/10\/shepham01_copiar-1-1024x577.jpg 1024w, https:\/\/atlantisng.com\/blog\/wp-content\/uploads\/2020\/10\/shepham01_copiar-1-768x433.jpg 768w, https:\/\/atlantisng.com\/blog\/wp-content\/uploads\/2020\/10\/shepham01_copiar-1-1536x865.jpg 1536w, https:\/\/atlantisng.com\/blog\/wp-content\/uploads\/2020\/10\/shepham01_copiar-1-2048x1154.jpg 2048w\" sizes=\"(max-width: 2560px) 100vw, 2560px\" \/><\/a><figcaption id=\"caption-attachment-14161\" class=\"wp-caption-text\">La estatua-menhir de Shepham del \u2018Pla de les Pruneres\u2019 (Mollet del Vall\u00e8s, Vall\u00e8s Oriental) y el posible origen neol\u00edtico del nombre de Hispania.<\/figcaption><\/figure>\n<p align=\"justify\"><span style=\"font-family: Rubik;\"><span style=\"font-size: large;\">A mediados de abril del 2009 fue descubierto, accidentalmente, mientras se realizaban labores de excavaci\u00f3n y rebajes para la construcci\u00f3n de un aparcamiento subterr\u00e1neo en el <\/span><\/span><span style=\"font-family: Rubik;\"><span style=\"font-size: large;\">\u2018Pla de les Pruneres\u2019 (Mollet del Vall\u00e8s, Vall\u00e8s Oriental) un <\/span><\/span><span style=\"font-family: Rubik;\"><span style=\"font-size: large;\">menhir del tipo antropom\u00f3rfico<\/span><\/span><span style=\"font-family: Rubik;\"><span style=\"font-size: large;\"> esculpid<\/span><\/span><span style=\"font-family: Rubik;\"><span style=\"font-size: large;\">o<\/span><\/span><span style=\"font-family: Rubik;\"><span style=\"font-size: large;\"> en tres dimensiones sobre un <\/span><\/span><span style=\"font-family: Rubik;\"><span style=\"font-size: large;\">monolito<\/span><\/span><span style=\"font-family: Rubik;\"><span style=\"font-size: large;\"> de arcosa de 4,90 metros de altura y 6200 kg de peso. <\/span><\/span><span style=\"font-family: Rubik;\"><span style=\"font-size: large;\">Se le ha estimado (por comparaci\u00f3n con otros megalitos similares datados por contexto <\/span><\/span><span style=\"font-family: Rubik;\"><span style=\"font-size: large;\">y una dataci\u00f3n por C14 calibrada de un estrato superior inmediato<\/span><\/span><span style=\"font-family: Rubik;\"><span style=\"font-size: large;\">)<\/span><\/span> <span style=\"font-family: Rubik;\"><span style=\"font-size: large;\">entre unos 5300 y 4200 a\u00f1os de antig\u00fcedad. <\/span><\/span><span style=\"font-family: Rubik;\"><span style=\"font-size: large;\">Se considera<\/span><\/span><span style=\"font-family: Rubik;\"><span style=\"font-size: large;\"> la fech<\/span><\/span><span style=\"font-family: Rubik;\"><span style=\"font-size: large;\">a<\/span><\/span><span style=\"font-family: Rubik;\"><span style=\"font-size: large;\"> m\u00e1s tard\u00eda <\/span><\/span><span style=\"font-family: Rubik;\"><span style=\"font-size: large;\">como la m\u00e1s probable<\/span><\/span><span style=\"font-family: Rubik;\"><span style=\"font-size: large;\">, de modo que el megalito ya habr\u00eda perdido su funci\u00f3n simb\u00f3lica (o habr\u00eda sido derribado intencionalmente) en un momento que viene casi a coincidir casi con el arribo de los primeros esteparios <\/span><\/span><span style=\"font-family: Rubik;\"><span style=\"font-size: large;\">a la pen\u00ednsula<\/span><\/span><span style=\"font-family: Rubik;\"><span style=\"font-size: large;\">. <\/span><\/span><span style=\"font-family: Rubik;\"><span style=\"font-size: large;\">Por otra parte, e<\/span><\/span><span style=\"font-family: Rubik;\"><span style=\"font-size: large;\">l estudio geol\u00f3gico sedimentario revel\u00f3 que muy probablemente el monolito habr\u00eda llegado a<\/span><\/span><span style=\"font-family: Rubik;\"><span style=\"font-size: large;\">l<\/span><\/span><span style=\"font-family: Rubik;\"><span style=\"font-size: large;\"> lugar desde otro punto <\/span><\/span><span style=\"font-family: Rubik;\"><span style=\"font-size: large;\">(aunque no lejano) <\/span><\/span><span style=\"font-family: Rubik;\"><span style=\"font-size: large;\">por arrastres fluviales o rieras que fueron muy intensas en el lugar durante casi todo la prehistoria. <\/span><\/span><span style=\"font-family: Rubik;\"><span style=\"font-size: large;\">Es probable, por tanto, que<\/span><\/span> <span style=\"font-family: Rubik;\"><span style=\"font-size: large;\">el<\/span><\/span><span style=\"font-family: Rubik;\"><span style=\"font-size: large;\"> lugar <\/span><\/span><span style=\"font-family: Rubik;\"><span style=\"font-size: large;\">del hallazgo no sea el mismo en el <\/span><\/span><span style=\"font-family: Rubik;\"><span style=\"font-size: large;\">que <\/span><\/span><span style=\"font-family: Rubik;\"><span style=\"font-size: large;\">originalmente <\/span><\/span><span style=\"font-family: Rubik;\"><span style=\"font-size: large;\">fue erigido&#8230;<\/span><\/span><\/p>\n<h3 align=\"justify\"><a href=\"https:\/\/atlantisng.com\/blog\/wp-content\/uploads\/2020\/10\/La-estatua-menhir-de-Shepham-del-\u2018Pla-de-les-Pruneres-Mollet-del-Valles-Valles-Oriental-y-el-posible-origen-neolitico-del-nombre-de-Hispania.pdf\">Seguir leyendo el art\u00edculo en PDF &gt;&gt;&gt;<\/a><\/h3>\n<figure id=\"attachment_14146\" aria-describedby=\"caption-attachment-14146\" style=\"width: 1888px\" class=\"wp-caption aligncenter\"><a href=\"https:\/\/atlantisng.com\/blog\/wp-content\/uploads\/2020\/10\/La-estatua-menhir-de-Shepham-del-\u2018Pla-de-les-Pruneres-Mollet-del-Valles-Valles-Oriental-y-el-posible-origen-neolitico-del-nombre-de-Hispania.pdf\"><img decoding=\"async\" class=\"wp-image-14146 size-full\" src=\"https:\/\/atlantisng.com\/blog\/wp-content\/uploads\/2020\/10\/shepham01_copiar-scaled.jpg\" alt=\"La estatua-menhir de Shepham del \u2018Pla de les Pruneres\u2019 (Mollet del Vall\u00e8s, Vall\u00e8s Oriental) y el posible origen neol\u00edtico del nombre de Hispania.\" width=\"1888\" height=\"2560\" srcset=\"https:\/\/atlantisng.com\/blog\/wp-content\/uploads\/2020\/10\/shepham01_copiar-scaled.jpg 1888w, https:\/\/atlantisng.com\/blog\/wp-content\/uploads\/2020\/10\/shepham01_copiar-221x300.jpg 221w, https:\/\/atlantisng.com\/blog\/wp-content\/uploads\/2020\/10\/shepham01_copiar-755x1024.jpg 755w, https:\/\/atlantisng.com\/blog\/wp-content\/uploads\/2020\/10\/shepham01_copiar-768x1041.jpg 768w, https:\/\/atlantisng.com\/blog\/wp-content\/uploads\/2020\/10\/shepham01_copiar-1133x1536.jpg 1133w, https:\/\/atlantisng.com\/blog\/wp-content\/uploads\/2020\/10\/shepham01_copiar-1511x2048.jpg 1511w\" sizes=\"(max-width: 1888px) 100vw, 1888px\" \/><\/a><figcaption id=\"caption-attachment-14146\" class=\"wp-caption-text\">La estatua-menhir de Shepham del \u2018Pla de les Pruneres\u2019 (Mollet del Vall\u00e8s, Vall\u00e8s Oriental) y el posible origen neol\u00edtico del nombre de Hispania.<\/figcaption><\/figure>\n<figure id=\"attachment_14151\" aria-describedby=\"caption-attachment-14151\" style=\"width: 1718px\" class=\"wp-caption aligncenter\"><a href=\"https:\/\/atlantisng.com\/blog\/wp-content\/uploads\/2020\/10\/La-estatua-menhir-de-Shepham-del-\u2018Pla-de-les-Pruneres-Mollet-del-Valles-Valles-Oriental-y-el-posible-origen-neolitico-del-nombre-de-Hispania.pdf\"><img decoding=\"async\" class=\"wp-image-14151 size-full\" src=\"https:\/\/atlantisng.com\/blog\/wp-content\/uploads\/2020\/10\/Imatge_gravats_menhir_Mollet-scaled.jpeg\" alt=\"Est\u00e0tua-menhir del Pla de les Pruneres (Mollet) - Fuente: Wikipedia.\" width=\"1718\" height=\"2560\" srcset=\"https:\/\/atlantisng.com\/blog\/wp-content\/uploads\/2020\/10\/Imatge_gravats_menhir_Mollet-scaled.jpeg 1718w, https:\/\/atlantisng.com\/blog\/wp-content\/uploads\/2020\/10\/Imatge_gravats_menhir_Mollet-201x300.jpeg 201w, https:\/\/atlantisng.com\/blog\/wp-content\/uploads\/2020\/10\/Imatge_gravats_menhir_Mollet-687x1024.jpeg 687w, https:\/\/atlantisng.com\/blog\/wp-content\/uploads\/2020\/10\/Imatge_gravats_menhir_Mollet-768x1144.jpeg 768w, https:\/\/atlantisng.com\/blog\/wp-content\/uploads\/2020\/10\/Imatge_gravats_menhir_Mollet-1031x1536.jpeg 1031w, https:\/\/atlantisng.com\/blog\/wp-content\/uploads\/2020\/10\/Imatge_gravats_menhir_Mollet-1375x2048.jpeg 1375w\" sizes=\"(max-width: 1718px) 100vw, 1718px\" \/><\/a><figcaption id=\"caption-attachment-14151\" class=\"wp-caption-text\">Est\u00e0tua-menhir del Pla de les Pruneres (Mollet) &#8211; Fuente: Wikipedia.<\/figcaption><\/figure>\n<p>&nbsp;<\/p>\n<figure id=\"attachment_14150\" aria-describedby=\"caption-attachment-14150\" style=\"width: 945px\" class=\"wp-caption aligncenter\"><a href=\"https:\/\/atlantisng.com\/blog\/wp-content\/uploads\/2020\/10\/La-estatua-menhir-de-Shepham-del-\u2018Pla-de-les-Pruneres-Mollet-del-Valles-Valles-Oriental-y-el-posible-origen-neolitico-del-nombre-de-Hispania.pdf\"><img loading=\"lazy\" decoding=\"async\" class=\"wp-image-14150 size-full\" src=\"https:\/\/atlantisng.com\/blog\/wp-content\/uploads\/2020\/10\/Imatge_menhir_Mollet.jpeg\" alt=\"Est\u00e0tua-menhir del Pla de les Pruneres (Mollet) - Fuente: Wikipedia.\" width=\"945\" height=\"1417\" srcset=\"https:\/\/atlantisng.com\/blog\/wp-content\/uploads\/2020\/10\/Imatge_menhir_Mollet.jpeg 945w, https:\/\/atlantisng.com\/blog\/wp-content\/uploads\/2020\/10\/Imatge_menhir_Mollet-200x300.jpeg 200w, https:\/\/atlantisng.com\/blog\/wp-content\/uploads\/2020\/10\/Imatge_menhir_Mollet-683x1024.jpeg 683w, https:\/\/atlantisng.com\/blog\/wp-content\/uploads\/2020\/10\/Imatge_menhir_Mollet-768x1152.jpeg 768w\" sizes=\"(max-width: 945px) 100vw, 945px\" \/><\/a><figcaption id=\"caption-attachment-14150\" class=\"wp-caption-text\">Est\u00e0tua-menhir del Pla de les Pruneres (Mollet) &#8211; Fuente: Wikipedia.<\/figcaption><\/figure>\n<p>&nbsp;<\/p>\n<p>&nbsp;<\/p>\n<p>&nbsp;<\/p>\n","protected":false},"excerpt":{"rendered":"<p>Georgeos D\u00edaz-Montexano, Vitalitius Accepted Member of The Epigraphic Society A mediados de abril del 2009 fue descubierto, accidentalmente, mientras se realizaban labores de excavaci\u00f3n y rebajes para &hellip; <\/p>\n","protected":false},"author":1,"featured_media":14161,"comment_status":"open","ping_status":"open","sticky":false,"template":"","format":"standard","meta":{"cybocfi_hide_featured_image":"yes","footnotes":""},"categories":[2,2633,7],"tags":[2778,93,94,95,96,97,98,2772,2767,2768,2777,819,842,883,2771,2770,2773,1062,2776,1479,2774,2769,2765,2775,2764,2053,2062,2063,2729,2065,2067,2068,2069,2766,2779],"class_list":["post-14145","post","type-post","status-publish","format-standard","has-post-thumbnail","hentry","category-antiguas-civilizaciones","category-arte-rupestre-y-proto-escrituras","category-escriptologia","tag-2778","tag-afrasiatica","tag-afrasiaticas","tag-afrasiatico","tag-afrasiatico-semitica","tag-afrasiatico-semiticas","tag-afrasiatico-semitico","tag-antropomorfa","tag-cataluna","tag-catalunia","tag-complutum","tag-eltar","tag-epigrafia","tag-escritura-lineal-pre-tartessia-eltar","tag-escultura","tag-estatua","tag-estatua-menhir","tag-georgeos-diaz-montexano","tag-la-estatua-menhir-del-pla-de-les-pruneres-mollet-del-valles","tag-lenguas-afrasiaticas","tag-martinez-rodriguez","tag-menhir","tag-mollet-del-valles","tag-pablo-martinez-rodriguez","tag-pla-de-les-pruneres","tag-proto-afrasiatico","tag-proto-escritura","tag-proto-escritura-lineal","tag-proto-escritura-lineal-pre-tartesia","tag-proto-escritura-lineal-prehistorica","tag-proto-escritura-prehistorica","tag-proto-escrituras","tag-proto-escrituras-lineales","tag-valles-oriental","tag-vol-22"],"_links":{"self":[{"href":"https:\/\/atlantisng.com\/blog\/wp-json\/wp\/v2\/posts\/14145","targetHints":{"allow":["GET"]}}],"collection":[{"href":"https:\/\/atlantisng.com\/blog\/wp-json\/wp\/v2\/posts"}],"about":[{"href":"https:\/\/atlantisng.com\/blog\/wp-json\/wp\/v2\/types\/post"}],"author":[{"embeddable":true,"href":"https:\/\/atlantisng.com\/blog\/wp-json\/wp\/v2\/users\/1"}],"replies":[{"embeddable":true,"href":"https:\/\/atlantisng.com\/blog\/wp-json\/wp\/v2\/comments?post=14145"}],"version-history":[{"count":15,"href":"https:\/\/atlantisng.com\/blog\/wp-json\/wp\/v2\/posts\/14145\/revisions"}],"predecessor-version":[{"id":14166,"href":"https:\/\/atlantisng.com\/blog\/wp-json\/wp\/v2\/posts\/14145\/revisions\/14166"}],"wp:featuredmedia":[{"embeddable":true,"href":"https:\/\/atlantisng.com\/blog\/wp-json\/wp\/v2\/media\/14161"}],"wp:attachment":[{"href":"https:\/\/atlantisng.com\/blog\/wp-json\/wp\/v2\/media?parent=14145"}],"wp:term":[{"taxonomy":"category","embeddable":true,"href":"https:\/\/atlantisng.com\/blog\/wp-json\/wp\/v2\/categories?post=14145"},{"taxonomy":"post_tag","embeddable":true,"href":"https:\/\/atlantisng.com\/blog\/wp-json\/wp\/v2\/tags?post=14145"}],"curies":[{"name":"wp","href":"https:\/\/api.w.org\/{rel}","templated":true}]}}