{"id":14747,"date":"2021-05-31T00:12:10","date_gmt":"2021-05-31T00:12:10","guid":{"rendered":"https:\/\/atlantisng.com\/blog\/?p=14747"},"modified":"2021-05-31T00:12:10","modified_gmt":"2021-05-31T00:12:10","slug":"una-vasija-iberica-de-jaen-para-sopa-sopa-de-lentejas-o-guisantes-pure-o-papilla-dulce-o-vino","status":"publish","type":"post","link":"https:\/\/atlantisng.com\/blog\/una-vasija-iberica-de-jaen-para-sopa-sopa-de-lentejas-o-guisantes-pure-o-papilla-dulce-o-vino\/","title":{"rendered":"Una vasija ib\u00e9rica de Ja\u00e9n para \u2018sopa, sopa de lentejas o guisantes, pur\u00e9 o papilla, dulce o vino\u2019."},"content":{"rendered":"<p><em>Georgeos D\u00edaz-Montexano, Vitalitius Accepted Member of The Epigraphic Society.<\/em><\/p>\n<p style=\"text-align: center;\"><a href=\"https:\/\/atlantisng.com\/blog\/wp-content\/uploads\/2021\/05\/sosi-iberico-jaen-pdf-1.jpg\"><img fetchpriority=\"high\" decoding=\"async\" class=\"aligncenter wp-image-14751 size-full\" src=\"https:\/\/atlantisng.com\/blog\/wp-content\/uploads\/2021\/05\/sosi-iberico-jaen-pdf-1.jpg\" alt=\"\" width=\"768\" height=\"1152\" srcset=\"https:\/\/atlantisng.com\/blog\/wp-content\/uploads\/2021\/05\/sosi-iberico-jaen-pdf-1.jpg 768w, https:\/\/atlantisng.com\/blog\/wp-content\/uploads\/2021\/05\/sosi-iberico-jaen-pdf-1-200x300.jpg 200w, https:\/\/atlantisng.com\/blog\/wp-content\/uploads\/2021\/05\/sosi-iberico-jaen-pdf-1-683x1024.jpg 683w\" sizes=\"(max-width: 768px) 100vw, 768px\" \/><\/a><\/p>\n<p>En C\u00e1stulo, Ja\u00e9n, apareci\u00f3 hace a\u00f1os una vasija con una inscripci\u00f3n grafitada (mediante ligera incisi\u00f3n superficial sobre cer\u00e1mica ya cocida y acabada) en el estilo del signario Ib\u00e9rico Meridional que desciende del anterior signario del Sudoeste, Sudlusitano o Tartessio. Dicha inscripci\u00f3n fue datada (de acuerdo al contexto) en el siglo IV a. C. Se ha descrito como \u201cGrafito sinistrorso de cuatro letras sobre un vaso globular carenado hallado en la necr\u00f3polis castulonense del Estacar de Robarinas\u201d(Correa 2008: 281-282)1 y se lee (de derecha a izquierda) como sosi. Como es de costumbre, y dada la general tendencia interpretativa onom\u00e1stica, donde para la mayor\u00eda de los estudiosos de la lengua ibera, casi todo lo que se ha conservado en materia epigr\u00e1fica ib\u00e9rica son nombres de personas (antrop\u00f3nimos) o nombres de dioses (te\u00f3nimos) en algunos casos, ha sido interpretado como un antrop\u00f3nimo. As\u00ed vemos como Correa (2008: 282) con total simpleza nos dice que \u201cSe trata de un antrop\u00f3nimo ib\u00e9rico cuya forma plena conocida es sosin&#8230;\u201d.2 En principio se tratar\u00eda del nombre de quien la elabor\u00f3 o de su propietario, o bien de la persona a la que fue destinada la vasija. \u00bfPero estamos realmente ante un antrop\u00f3nimo o te\u00f3nimo?<\/p>\n<h3 style=\"text-align: center;\"><a href=\"https:\/\/atlantisng.com\/blog\/wp-content\/uploads\/2021\/05\/sosi-iberico-jaen.pdf\">Seguir leyendo en el siguiente PDF &gt;&gt;&gt;<\/a><\/h3>\n<h3><\/h3>\n","protected":false},"excerpt":{"rendered":"<p>Georgeos D\u00edaz-Montexano, Vitalitius Accepted Member of The Epigraphic Society. En C\u00e1stulo, Ja\u00e9n, apareci\u00f3 hace a\u00f1os una vasija con una inscripci\u00f3n grafitada (mediante ligera incisi\u00f3n superficial sobre cer\u00e1mica &hellip; <\/p>\n","protected":false},"author":1,"featured_media":14751,"comment_status":"open","ping_status":"open","sticky":false,"template":"","format":"standard","meta":{"cybocfi_hide_featured_image":"yes","footnotes":""},"categories":[2,4,7],"tags":[126,127,132,133,134,135,136,137,138,140,2976,699,1212,1225,1228,1230,1232,1236,2702,1344,1474,1476,2688,2977,2502,2503,2549],"class_list":["post-14747","post","type-post","status-publish","format-standard","has-post-thumbnail","hentry","category-antiguas-civilizaciones","category-articulos","category-escriptologia","tag-altaic","tag-altaic-languages","tag-altaica","tag-altaicas","tag-altaico","tag-altaico-turquica","tag-altaico-turquicas","tag-altaico-turquico","tag-altaico-turquicos","tag-altaicos","tag-castulo","tag-desciframiento-de-la-lengua-ibera","tag-ibera","tag-ibericas","tag-iberico-meridional","tag-ibericos","tag-ibero","tag-iberos","tag-inscripcion-iberica","tag-jaen","tag-lengua-ibera","tag-lengua-iberica","tag-lenguas-altaicas","tag-sosi","tag-turquicas","tag-turquicos","tag-vasija"],"_links":{"self":[{"href":"https:\/\/atlantisng.com\/blog\/wp-json\/wp\/v2\/posts\/14747","targetHints":{"allow":["GET"]}}],"collection":[{"href":"https:\/\/atlantisng.com\/blog\/wp-json\/wp\/v2\/posts"}],"about":[{"href":"https:\/\/atlantisng.com\/blog\/wp-json\/wp\/v2\/types\/post"}],"author":[{"embeddable":true,"href":"https:\/\/atlantisng.com\/blog\/wp-json\/wp\/v2\/users\/1"}],"replies":[{"embeddable":true,"href":"https:\/\/atlantisng.com\/blog\/wp-json\/wp\/v2\/comments?post=14747"}],"version-history":[{"count":3,"href":"https:\/\/atlantisng.com\/blog\/wp-json\/wp\/v2\/posts\/14747\/revisions"}],"predecessor-version":[{"id":14753,"href":"https:\/\/atlantisng.com\/blog\/wp-json\/wp\/v2\/posts\/14747\/revisions\/14753"}],"wp:featuredmedia":[{"embeddable":true,"href":"https:\/\/atlantisng.com\/blog\/wp-json\/wp\/v2\/media\/14751"}],"wp:attachment":[{"href":"https:\/\/atlantisng.com\/blog\/wp-json\/wp\/v2\/media?parent=14747"}],"wp:term":[{"taxonomy":"category","embeddable":true,"href":"https:\/\/atlantisng.com\/blog\/wp-json\/wp\/v2\/categories?post=14747"},{"taxonomy":"post_tag","embeddable":true,"href":"https:\/\/atlantisng.com\/blog\/wp-json\/wp\/v2\/tags?post=14747"}],"curies":[{"name":"wp","href":"https:\/\/api.w.org\/{rel}","templated":true}]}}