{"id":14872,"date":"2021-07-16T06:23:45","date_gmt":"2021-07-16T06:23:45","guid":{"rendered":"https:\/\/atlantisng.com\/blog\/?p=14872"},"modified":"2021-07-16T06:37:42","modified_gmt":"2021-07-16T06:37:42","slug":"el-culto-a-una-antigua-senora-loba-de-posible-origen-ibero-turquico-en-la-hidronimia-de-andalucia-y-en-el-nombre-de-korduba-como-la-ciudad-del-clan-de-la-loba","status":"publish","type":"post","link":"https:\/\/atlantisng.com\/blog\/el-culto-a-una-antigua-senora-loba-de-posible-origen-ibero-turquico-en-la-hidronimia-de-andalucia-y-en-el-nombre-de-korduba-como-la-ciudad-del-clan-de-la-loba\/","title":{"rendered":"El culto a una antigua \u00abSe\u00f1ora Loba\u00bb de posible origen ibero-t\u00farquico en la hidronimia de Andaluc\u00eda y en el nombre de *Korduba como \u00abLa ciudad del Clan de la Loba\u00bb."},"content":{"rendered":"<p align=\"center\"><span style=\"font-family: DejaVu Serif, serif;\"><span style=\"font-size: small;\"><i>Georgeos D\u00edaz-Montexano, Vitalitius Accepted Member of The Epigraphic Society<\/i><\/span><\/span><\/p>\n<p style=\"text-align: center;\" align=\"justify\"><a href=\"https:\/\/atlantisng.com\/blog\/wp-content\/uploads\/2021\/07\/El-culto-a-una-antigua-Senora-Loba-de-posible-origen-ibero-turquico-en-la-hidronimia-de-Andalucia-y-el-nombre-de-Korduba-como-La-ciudad-del-Clan-de-la-Loba.pdf\"><img fetchpriority=\"high\" decoding=\"async\" class=\"aligncenter wp-image-14873 size-large\" src=\"https:\/\/atlantisng.com\/blog\/wp-content\/uploads\/2021\/07\/El-culto-a-una-antigua-Senora-Loba-de-posible-origen-ibero-turquico-en-la-hidronimia-de-Andalucia-y-el-nombre-de-Korduba-como-La-ciudad-del-Clan-de-la-Loba-1024x808.jpg\" alt=\"El culto a una antigua &quot;Se\u00f1ora Loba&quot; de posible origen ibero-t\u00farquico en la hidronimia de Andaluc\u00eda y en el nombre de *Korduba como &quot;La ciudad del Clan de la Loba&quot;.\" width=\"1024\" height=\"808\" srcset=\"https:\/\/atlantisng.com\/blog\/wp-content\/uploads\/2021\/07\/El-culto-a-una-antigua-Senora-Loba-de-posible-origen-ibero-turquico-en-la-hidronimia-de-Andalucia-y-el-nombre-de-Korduba-como-La-ciudad-del-Clan-de-la-Loba-1024x808.jpg 1024w, https:\/\/atlantisng.com\/blog\/wp-content\/uploads\/2021\/07\/El-culto-a-una-antigua-Senora-Loba-de-posible-origen-ibero-turquico-en-la-hidronimia-de-Andalucia-y-el-nombre-de-Korduba-como-La-ciudad-del-Clan-de-la-Loba-300x237.jpg 300w, https:\/\/atlantisng.com\/blog\/wp-content\/uploads\/2021\/07\/El-culto-a-una-antigua-Senora-Loba-de-posible-origen-ibero-turquico-en-la-hidronimia-de-Andalucia-y-el-nombre-de-Korduba-como-La-ciudad-del-Clan-de-la-Loba-768x606.jpg 768w, https:\/\/atlantisng.com\/blog\/wp-content\/uploads\/2021\/07\/El-culto-a-una-antigua-Senora-Loba-de-posible-origen-ibero-turquico-en-la-hidronimia-de-Andalucia-y-el-nombre-de-Korduba-como-La-ciudad-del-Clan-de-la-Loba-1536x1212.jpg 1536w, https:\/\/atlantisng.com\/blog\/wp-content\/uploads\/2021\/07\/El-culto-a-una-antigua-Senora-Loba-de-posible-origen-ibero-turquico-en-la-hidronimia-de-Andalucia-y-el-nombre-de-Korduba-como-La-ciudad-del-Clan-de-la-Loba-2048x1616.jpg 2048w\" sizes=\"(max-width: 1024px) 100vw, 1024px\" \/><\/a><\/p>\n<p align=\"justify\"><span style=\"font-family: DejaVu Serif, serif;\"><span style=\"font-size: small;\"><i>Detalle del pectoral-escudo con representaci\u00f3n de una cabeza de lobo <\/i><\/span><\/span><span style=\"font-family: DejaVu Serif, serif;\"><span style=\"font-size: small;\"><i>de<\/i><\/span><\/span><i> <\/i><span style=\"font-family: DejaVu Serif, serif;\"><span style=\"font-size: small;\"><i>faz<\/i><\/span><\/span><span style=\"font-family: DejaVu Serif, serif;\"><span style=\"font-size: small;\"><i> amenazante de la escultura de un pr\u00edncipe o arist\u00f3crata guerrero ibero conocida como \u00abTorso del Guerrero\u00bb <\/i><\/span><\/span><span style=\"font-family: DejaVu Serif, serif;\"><span style=\"font-size: small;\"><i>de<\/i><\/span><\/span><span style=\"font-family: DejaVu Serif, serif;\"><span style=\"font-size: small;\"><i> La Alcudia (Elche). El lobo es tambi\u00e9n (desde tiempos muy remotos) el principal animal sagrado y mayor s\u00edmbolo guerrero en las culturas transeurasi\u00e1ticas altaico-t\u00farquicas.<\/i><\/span><\/span><\/p>\n<p align=\"justify\"><span style=\"font-family: DejaVu Serif, serif;\">Como es sabido, los arroyos, junto con los r\u00edos, lagos, fuentes y manantiales, suelen contener los nombres de lugares m\u00e1s antiguos. Esto es algo aceptado a nivel mundial por todos los ling\u00fcistas y estudiosos de la antigua hidronimia. Pues bien, un arroyo de la Provincia de Sevilla (no muy lejos de C\u00f3rdoba) lleva un nombre que ser\u00eda una combinaci\u00f3n de *<\/span><span style=\"font-family: DejaVu Serif, serif;\"><i><b>Kord<\/b><\/i><\/span><span style=\"font-family: DejaVu Serif, serif;\">\/*<\/span><span style=\"font-family: DejaVu Serif, serif;\"><i><b>Kurd<\/b><\/i><\/span><span style=\"font-family: DejaVu Serif, serif;\"> &#8216;lob<\/span><span style=\"font-family: DejaVu Serif, serif;\">a<\/span><span style=\"font-family: DejaVu Serif, serif;\">\/lob<\/span><span style=\"font-family: DejaVu Serif, serif;\">o<\/span><span style=\"font-family: DejaVu Serif, serif;\">&#8216; m\u00e1s su traducci\u00f3n en espa\u00f1ol. Me refiero al <\/span><span style=\"font-family: DejaVu Serif, serif;\"><i>\u2019Arroyo de la <\/i><\/span><span style=\"font-family: DejaVu Serif, serif;\"><i><u>Cordoloba\u2019<\/u><\/i><\/span><span style=\"font-family: DejaVu Serif, serif;\">. <\/span><span style=\"font-family: DejaVu Serif, serif;\">N\u00f3tese que el hecho mismo de que el arroyo no se halle precisamente en C\u00f3rdoba, sino en Sevilla, puede ser considerado justamente como una prueba indiciaria m\u00e1s a favor de que este hidr\u00f3nimo compuesto de dos idiomas, <\/span><span style=\"font-family: DejaVu Serif, serif;\"><i><u>Cordoloba<\/u><\/i><\/span><span style=\"font-family: DejaVu Serif, serif;\">, no se forma por tener su lexema <\/span><span style=\"font-family: DejaVu Serif, serif;\"><i><u>cordo<\/u><\/i><\/span><span style=\"font-family: DejaVu Serif, serif;\"> relaci\u00f3n alguna con C\u00f3rdoba, sino porque existir\u00eda un antiguo lexema <\/span><span style=\"font-family: DejaVu Serif, serif;\"><i><u>cordo<\/u><\/i><\/span><span style=\"font-family: DejaVu Serif, serif;\"> (seguramente *<\/span><span style=\"font-family: DejaVu Serif, serif;\"><i><b>Kordo<\/b><\/i><\/span><span style=\"font-family: DejaVu Serif, serif;\"><b>\/*<\/b><\/span><span style=\"font-family: DejaVu Serif, serif;\"><i><b>Kordu<\/b><\/i><\/span><span style=\"font-family: DejaVu Serif, serif;\"> en ibero) que es el mismo que se usar\u00eda en la creaci\u00f3n del nombre ibero de *<\/span><span style=\"font-family: DejaVu Serif, serif;\"><i><b>Korduba<\/b><\/i><\/span><span style=\"font-family: DejaVu Serif, serif;\"> (C\u00f3rdoba), y ese lexema ibero *<\/span><span style=\"font-family: DejaVu Serif, serif;\"><i><b>Kordu<\/b><\/i><\/span><span style=\"font-family: DejaVu Serif, serif;\"><b>\/*<\/b><\/span><span style=\"font-family: DejaVu Serif, serif;\"><i><b>Kordo<\/b><\/i><\/span><span style=\"font-family: DejaVu Serif, serif;\">, bien podr\u00eda haber significado \u201cloba\/lobo\u201d, tal como vemos en la traducci\u00f3n casetallana (antes latina seguramente) del mismo que le acompa\u00f1a cuando fue creado como <\/span><span style=\"font-family: DejaVu Serif, serif;\"><i><u>Cordoloba<\/u><\/i><\/span><span style=\"font-family: DejaVu Serif, serif;\">. <\/span><\/p>\n<p align=\"justify\"><span style=\"font-family: DejaVu Serif, serif;\">Este tipo de construcci\u00f3n de hidr\u00f3nimos o top\u00f3nimos, donde una lengua posterior traduce el significado de la otra anterior, en un momento en que ambas lenguas coexisten, o bien porque la tradici\u00f3n popular recuerda todav\u00eda lo que significaba el \u00e9timo original que es traducido, es muy frecuente en toda la toponimia e hidronimia mundial. El destacado ling\u00fcista salamantino, Francisco Villar Li\u00e9bana, es uno de quienes mejor ha estudiado este fen\u00f3meno y en sus libros pone muchos ejemplos similares de antiguos top\u00f3nimos e hidr\u00f3nimos que se conservan con el \u00e9timo antiguo, y a su lado, formando el mismo hidr\u00f3nimo o top\u00f3nimo, la traducci\u00f3n en espa\u00f1ol (antes en Lat\u00edn, obviamente). <\/span><\/p>\n<p align=\"justify\"><span style=\"font-family: DejaVu Serif, serif;\">Es decir, que los <\/span><span style=\"font-family: DejaVu Serif, serif;\">antiguos<\/span><span style=\"font-family: DejaVu Serif, serif;\"> habitantes del lugar <\/span><span style=\"font-family: DejaVu Serif, serif;\">por <\/span><span style=\"font-family: DejaVu Serif, serif;\">donde <\/span><span style=\"font-family: DejaVu Serif, serif;\">actualmente corre <\/span><span style=\"font-family: DejaVu Serif, serif;\">e<\/span><span style=\"font-family: DejaVu Serif, serif;\">l<\/span><span style=\"font-family: DejaVu Serif, serif;\"> \u2018<\/span><span style=\"font-family: DejaVu Serif, serif;\"><i>Arroyo de la <\/i><\/span><span style=\"font-family: DejaVu Serif, serif;\"><i><u>Cordoloba<\/u><\/i><\/span><span style=\"font-family: DejaVu Serif, serif;\"><i>\u2019<\/i><\/span><span style=\"font-family: DejaVu Serif, serif;\">, en el per\u00edodo Hispano-Romano, cuando la gente a\u00fan hablaba la lengua ind\u00edgena (<\/span><span style=\"font-family: DejaVu Serif, serif;\">probablemente un dialecto ibero<\/span> <span style=\"font-family: DejaVu Serif, serif;\">occidental<\/span><span style=\"font-family: DejaVu Serif, serif;\">) a la par con el Lat\u00edn, debieron crear este hidr\u00f3nimo, uniendo el ibero *<\/span><span style=\"font-family: DejaVu Serif, serif;\"><i><b>Kordu<\/b><\/i><\/span><span style=\"font-family: DejaVu Serif, serif;\">\/*<\/span><span style=\"font-family: DejaVu Serif, serif;\"><i><b>Kordo<\/b><\/i><\/span><span style=\"font-family: DejaVu Serif, serif;\"> &#8216;Loba&#8217; con su traducci\u00f3n latina <\/span><span style=\"font-family: DejaVu Serif, serif;\"><b>LVPA<\/b><\/span><span style=\"font-family: DejaVu Serif, serif;\">,<\/span><span style=\"font-family: DejaVu Serif, serif;\"> creando as\u00ed <\/span><span style=\"font-family: DejaVu Serif, serif;\">para el arroyo <\/span><span style=\"font-family: DejaVu Serif, serif;\">un<\/span><span style=\"font-family: DejaVu Serif, serif;\"> nuevo nombre <\/span><span style=\"font-family: DejaVu Serif, serif;\">compuesto de dos idiomas (algo muy com\u00fan en toda la toponimia mundial) con la nueva forma de<\/span><span style=\"font-family: DejaVu Serif, serif;\"> *<\/span><span style=\"font-family: DejaVu Serif, serif;\"><i><b>Kordu<\/b><\/i><\/span><span style=\"font-family: DejaVu Serif, serif;\"><i><b>lupa<\/b><\/i><\/span><span style=\"font-family: DejaVu Serif, serif;\">, que despu\u00e9s terminar\u00eda evolucionando hacia el Romance *<\/span><span style=\"font-family: DejaVu Serif, serif;\"><i>Corduluba<\/i><\/span><span style=\"font-family: DejaVu Serif, serif;\"> y finalmente <\/span><span style=\"font-family: DejaVu Serif, serif;\">hacia e<\/span><span style=\"font-family: DejaVu Serif, serif;\">l castellano <\/span><span style=\"font-family: DejaVu Serif, serif;\"><i>Cordoloba<\/i><\/span><span style=\"font-family: DejaVu Serif, serif;\">. <\/span><\/p>\n<p align=\"justify\"><span style=\"font-family: DejaVu Serif, serif;\">Lo anterior implica que muy probablemente el arroyo fuera conocido <\/span><span style=\"font-family: DejaVu Serif, serif;\">en tiempos hispano-romanos <\/span><span style=\"font-family: DejaVu Serif, serif;\">con el nombre de&#8230;<\/span><\/p>\n<h3 style=\"text-align: center;\" align=\"justify\"><a href=\"https:\/\/atlantisng.com\/blog\/wp-content\/uploads\/2021\/07\/El-culto-a-una-antigua-Senora-Loba-de-posible-origen-ibero-turquico-en-la-hidronimia-de-Andalucia-y-el-nombre-de-Korduba-como-La-ciudad-del-Clan-de-la-Loba.pdf\"><strong><em>Seguir leyendo en el siguiente PDF &gt;&gt;&gt;<\/em><\/strong><\/a><\/h3>\n<p>&nbsp;<\/p>\n<p>&nbsp;<\/p>\n","protected":false},"excerpt":{"rendered":"<p>Georgeos D\u00edaz-Montexano, Vitalitius Accepted Member of The Epigraphic Society Detalle del pectoral-escudo con representaci\u00f3n de una cabeza de lobo de faz amenazante de la escultura de un &hellip; <\/p>\n","protected":false},"author":1,"featured_media":14873,"comment_status":"open","ping_status":"open","sticky":false,"template":"","format":"standard","meta":{"cybocfi_hide_featured_image":"yes","footnotes":""},"categories":[2,4,7],"tags":[133,140,171,250,258,3027,3026,3024,3025,3028,3021,3023,3022,465,627,700,3031,925,2681,2682,1102,3016,1199,1225,1230,1344,3020,3019,1476,3017,3018,2843,2758,3029,3030,2255,2990,2502,2503],"class_list":["post-14872","post","type-post","status-publish","format-standard","has-post-thumbnail","hentry","category-antiguas-civilizaciones","category-articulos","category-escriptologia","tag-altaicas","tag-altaicos","tag-andalucia","tag-arqueo-toponimia","tag-arqueotoponimia","tag-asana","tag-ashana","tag-ashina","tag-ashuna","tag-azana","tag-bori","tag-boro","tag-boru","tag-cadiz","tag-cordoba","tag-desciframientos","tag-etimologia-del-nombre-de-cordoba","tag-etimologias","tag-etimologicas","tag-etimologicos","tag-granada","tag-hidronimia","tag-huelva","tag-ibericas","tag-ibericos","tag-jaen","tag-kord","tag-kurd","tag-lengua-iberica","tag-loba","tag-lobato","tag-lobo","tag-malaga","tag-origen-del-nombre-de-cordooba","tag-origen-etimologico-del-nombre-de-cordoba","tag-sevilla","tag-toponimia","tag-turquicas","tag-turquicos"],"_links":{"self":[{"href":"https:\/\/atlantisng.com\/blog\/wp-json\/wp\/v2\/posts\/14872","targetHints":{"allow":["GET"]}}],"collection":[{"href":"https:\/\/atlantisng.com\/blog\/wp-json\/wp\/v2\/posts"}],"about":[{"href":"https:\/\/atlantisng.com\/blog\/wp-json\/wp\/v2\/types\/post"}],"author":[{"embeddable":true,"href":"https:\/\/atlantisng.com\/blog\/wp-json\/wp\/v2\/users\/1"}],"replies":[{"embeddable":true,"href":"https:\/\/atlantisng.com\/blog\/wp-json\/wp\/v2\/comments?post=14872"}],"version-history":[{"count":3,"href":"https:\/\/atlantisng.com\/blog\/wp-json\/wp\/v2\/posts\/14872\/revisions"}],"predecessor-version":[{"id":14876,"href":"https:\/\/atlantisng.com\/blog\/wp-json\/wp\/v2\/posts\/14872\/revisions\/14876"}],"wp:featuredmedia":[{"embeddable":true,"href":"https:\/\/atlantisng.com\/blog\/wp-json\/wp\/v2\/media\/14873"}],"wp:attachment":[{"href":"https:\/\/atlantisng.com\/blog\/wp-json\/wp\/v2\/media?parent=14872"}],"wp:term":[{"taxonomy":"category","embeddable":true,"href":"https:\/\/atlantisng.com\/blog\/wp-json\/wp\/v2\/categories?post=14872"},{"taxonomy":"post_tag","embeddable":true,"href":"https:\/\/atlantisng.com\/blog\/wp-json\/wp\/v2\/tags?post=14872"}],"curies":[{"name":"wp","href":"https:\/\/api.w.org\/{rel}","templated":true}]}}