{"id":15400,"date":"2022-02-20T01:29:34","date_gmt":"2022-02-20T01:29:34","guid":{"rendered":"https:\/\/atlantisng.com\/blog\/?p=15400"},"modified":"2022-02-20T01:33:07","modified_gmt":"2022-02-20T01:33:07","slug":"updated-infografia-resumen-sobre-el-dado-iberico-de-foz-calanda-los-numerales-ibericos-transeurasiaticos-altaicos","status":"publish","type":"post","link":"https:\/\/atlantisng.com\/blog\/updated-infografia-resumen-sobre-el-dado-iberico-de-foz-calanda-los-numerales-ibericos-transeurasiaticos-altaicos\/","title":{"rendered":"(Updated) Infograf\u00eda resumen sobre el dado ib\u00e9rico de Foz-Calanda. Los numerales ib\u00e9ricos \u00bftranseurasi\u00e1ticos\/altaicos?"},"content":{"rendered":"<p>Georgeos D\u00edaz-Montexano, Vitalitius Accepted Member of The Epigraphic Society | Academia.edu | Enero, 2022<\/p>\n<h3 style=\"text-align: center;\"><a href=\"https:\/\/atlantisng.com\/blog\/wp-content\/uploads\/2022\/02\/Updated-Infografia-resumen-sobre-el-dado-iberico-de-Foz-Calanda.pdf\"><img fetchpriority=\"high\" decoding=\"async\" class=\"aligncenter wp-image-15401 size-large\" src=\"https:\/\/atlantisng.com\/blog\/wp-content\/uploads\/2022\/02\/Infografia-resumen-sobre-el-dado-iberico-de-Foz-Calanda-1024x596.jpg\" alt=\"(Updated) Infograf\u00eda resumen sobre el dado ib\u00e9rico de Foz-Calanda. Los numerales ib\u00e9ricos \u00bftranseurasi\u00e1ticos\/altaicos?\" width=\"1024\" height=\"596\" srcset=\"https:\/\/atlantisng.com\/blog\/wp-content\/uploads\/2022\/02\/Infografia-resumen-sobre-el-dado-iberico-de-Foz-Calanda-1024x596.jpg 1024w, https:\/\/atlantisng.com\/blog\/wp-content\/uploads\/2022\/02\/Infografia-resumen-sobre-el-dado-iberico-de-Foz-Calanda-300x174.jpg 300w, https:\/\/atlantisng.com\/blog\/wp-content\/uploads\/2022\/02\/Infografia-resumen-sobre-el-dado-iberico-de-Foz-Calanda-768x447.jpg 768w, https:\/\/atlantisng.com\/blog\/wp-content\/uploads\/2022\/02\/Infografia-resumen-sobre-el-dado-iberico-de-Foz-Calanda-1536x893.jpg 1536w, https:\/\/atlantisng.com\/blog\/wp-content\/uploads\/2022\/02\/Infografia-resumen-sobre-el-dado-iberico-de-Foz-Calanda-2048x1191.jpg 2048w\" sizes=\"(max-width: 1024px) 100vw, 1024px\" \/><\/a><\/h3>\n<h3 style=\"text-align: center;\"><a href=\"https:\/\/atlantisng.com\/blog\/wp-content\/uploads\/2022\/02\/Updated-Infografia-resumen-sobre-el-dado-iberico-de-Foz-Calanda.pdf\">Ver la infograf\u00eda en alta resoluci\u00f3n en PDF &gt;&gt;<\/a><\/h3>\n<p>&nbsp;<\/p>\n<figure id=\"attachment_15403\" aria-describedby=\"caption-attachment-15403\" style=\"width: 300px\" class=\"wp-caption aligncenter\"><a href=\"https:\/\/atlantisng.com\/blog\/wp-content\/uploads\/2022\/02\/bloggif_621194e4340f2.gif\"><img decoding=\"async\" class=\"wp-image-15403\" src=\"https:\/\/atlantisng.com\/blog\/wp-content\/uploads\/2022\/02\/bloggif_621194e4340f2.gif\" alt=\"Animaci\u00f3n del dado ib\u00e9rico de Foz-Calanda.\" width=\"300\" height=\"300\" \/><\/a><figcaption id=\"caption-attachment-15403\" class=\"wp-caption-text\">Animaci\u00f3n del dado ib\u00e9rico de Foz-Calanda.<\/figcaption><\/figure>\n<p>&nbsp;<\/p>\n<p><em><span class=\"_7UhW9 xLCgt MMzan KV-D4 se6yk T0kll \">Fuente: D\u00edaz-Montexano, Georgeos, &#8216;(Updated) Infograf\u00eda resumen sobre el dado ib\u00e9rico de Foz-Calanda. Los numerales ib\u00e9ricos \u00bftranseurasi\u00e1ticos\/altaicos?&#8217; | The Epigraphic Society | Academia.edu | Enero, 2022 <a href=\"https:\/\/www.academia.edu\/71649621\/\">https:\/\/www.academia.edu\/71649621\/<\/a><\/span><\/em><\/p>\n","protected":false},"excerpt":{"rendered":"<p>Georgeos D\u00edaz-Montexano, Vitalitius Accepted Member of The Epigraphic Society | Academia.edu | Enero, 2022 Ver la infograf\u00eda en alta resoluci\u00f3n en PDF &gt;&gt; &nbsp; &nbsp; Fuente: D\u00edaz-Montexano, &hellip; <\/p>\n","protected":false},"author":1,"featured_media":15403,"comment_status":"open","ping_status":"open","sticky":false,"template":"","format":"standard","meta":{"cybocfi_hide_featured_image":"yes","footnotes":""},"categories":[2,4,7],"tags":[133,140,684,685,686,700,948,950,1225,1230,2984,1474,1476,1814,2482,2483,2863,2485,2502,2503,2548],"class_list":["post-15400","post","type-post","status-publish","format-standard","has-post-thumbnail","hentry","category-antiguas-civilizaciones","category-articulos","category-escriptologia","tag-altaicas","tag-altaicos","tag-dado-iberico","tag-dados","tag-dados-ibericos","tag-desciframientos","tag-euskaras","tag-euskeras","tag-ibericas","tag-ibericos","tag-idioma-ibero","tag-lengua-ibera","tag-lengua-iberica","tag-numerales","tag-turcas","tag-turcicas","tag-turcicos","tag-turcos","tag-turquicas","tag-turquicos","tag-vascos"],"_links":{"self":[{"href":"https:\/\/atlantisng.com\/blog\/wp-json\/wp\/v2\/posts\/15400","targetHints":{"allow":["GET"]}}],"collection":[{"href":"https:\/\/atlantisng.com\/blog\/wp-json\/wp\/v2\/posts"}],"about":[{"href":"https:\/\/atlantisng.com\/blog\/wp-json\/wp\/v2\/types\/post"}],"author":[{"embeddable":true,"href":"https:\/\/atlantisng.com\/blog\/wp-json\/wp\/v2\/users\/1"}],"replies":[{"embeddable":true,"href":"https:\/\/atlantisng.com\/blog\/wp-json\/wp\/v2\/comments?post=15400"}],"version-history":[{"count":4,"href":"https:\/\/atlantisng.com\/blog\/wp-json\/wp\/v2\/posts\/15400\/revisions"}],"predecessor-version":[{"id":15407,"href":"https:\/\/atlantisng.com\/blog\/wp-json\/wp\/v2\/posts\/15400\/revisions\/15407"}],"wp:featuredmedia":[{"embeddable":true,"href":"https:\/\/atlantisng.com\/blog\/wp-json\/wp\/v2\/media\/15403"}],"wp:attachment":[{"href":"https:\/\/atlantisng.com\/blog\/wp-json\/wp\/v2\/media?parent=15400"}],"wp:term":[{"taxonomy":"category","embeddable":true,"href":"https:\/\/atlantisng.com\/blog\/wp-json\/wp\/v2\/categories?post=15400"},{"taxonomy":"post_tag","embeddable":true,"href":"https:\/\/atlantisng.com\/blog\/wp-json\/wp\/v2\/tags?post=15400"}],"curies":[{"name":"wp","href":"https:\/\/api.w.org\/{rel}","templated":true}]}}