{"id":15773,"date":"2022-05-25T22:46:55","date_gmt":"2022-05-25T22:46:55","guid":{"rendered":"https:\/\/atlantisng.com\/blog\/?p=15773"},"modified":"2022-05-27T19:43:28","modified_gmt":"2022-05-27T19:43:28","slug":"tatar-lakudera%cc%b2r%cc%b2-nai-un-ibero-llamado-lakuderar-identificado-como-un-tatar-tartaro","status":"publish","type":"post","link":"https:\/\/atlantisng.com\/blog\/tatar-lakudera%cc%b2r%cc%b2-nai-un-ibero-llamado-lakuderar-identificado-como-un-tatar-tartaro\/","title":{"rendered":"Tatar Lakude\u0155a\u0332r\u0332 \u0144(a)i  \u00bfUn ibero llamado Lakuder\u00e1r identificado como un Tatar (T\u00e1rtaro)?"},"content":{"rendered":"<p style=\"text-align: center;\"><em>Georgeos D\u00edaz-Montexano, Vitalititus Accepted Member of The Epigraphic Society<\/em><\/p>\n<p align=\"center\"><a href=\"https:\/\/atlantisng.com\/blog\/wp-content\/uploads\/2022\/05\/tatar-lakuderar-\u1e3fi.pdf\"><img fetchpriority=\"high\" decoding=\"async\" class=\"alignnone wp-image-15774\" src=\"https:\/\/atlantisng.com\/blog\/wp-content\/uploads\/2022\/05\/tatar-lakuderar-\u1e3fi-212x300.jpg\" alt=\"Tatar Lakude\u0155a\u0332r\u0332 \u0144(a)i \u00bfUn ibero llamado Lakuder\u00e1r identificado como un Tatar (T\u00e1rtaro)? Georgeos D\u00edaz-Montexano, Vitalititus Accepted Member of The Epigraphic Society Rostros de damas y guerreros de los antiguos iberos con fenotipo antropof\u00edsico mixto Euro-Asi\u00e1tico Altaico, similar al de la mayor\u00eda de las poblaciones Altaicas T\u00farquicas, Mongoles y Tung\u00fasicas. Inscripci\u00f3n sobre cr\u00e1tera \u00e1tica de barniz negro procedente del sitio arqueol\u00f3gico de Ens\u00e9rune, Nissan-lez-Enserune, H\u00e9rault (Francia). Referencia HESPERIA: HER.02.026. (350-325 a. C.)\" width=\"1080\" height=\"1528\" srcset=\"https:\/\/atlantisng.com\/blog\/wp-content\/uploads\/2022\/05\/tatar-lakuderar-\u1e3fi-212x300.jpg 212w, https:\/\/atlantisng.com\/blog\/wp-content\/uploads\/2022\/05\/tatar-lakuderar-\u1e3fi-scaled.jpg 1810w\" sizes=\"(max-width: 1080px) 100vw, 1080px\" \/><\/a><\/p>\n<h5 style=\"text-align: left;\" align=\"justify\"><em><strong>Rostros de damas y guerreros de los antiguos iberos con fenotipo antropof\u00edsico mixto Euro-Asi\u00e1tico Altaico, similar al de la mayor\u00eda de las poblaciones Altaicas T\u00farquicas, Mongoles y Tung\u00fasicas.<\/strong><\/em><\/h5>\n<h3 style=\"text-align: center;\" align=\"justify\"><a href=\"https:\/\/atlantisng.com\/blog\/wp-content\/uploads\/2022\/05\/tatar-lakuderar-\u1e3fi.pdf\"><b>Seguir leyendo en el siguiente PDF &gt;&gt;&gt;<\/b><\/a><\/h3>\n<p style=\"text-align: center;\" align=\"justify\"><code class=\"plain\"><iframe class=\"wonderplugin-pdf-iframe\" src=\"https:\/\/atlantisng.com\/blog\/wp-content\/plugins\/wonderplugin-pdf-embed\/pdfjs\/web\/viewer.html?v=2&externallinktarget=3&file=https:\/\/atlantisng.com\/blog\/wp-content\/uploads\/2022\/05\/tatar-lakuderar-\u1e3fi.pdf\" width=\"100%\" height=\"700px\" style=\"border:0;\"><\/iframe><\/code><\/p>\n","protected":false},"excerpt":{"rendered":"<p>Georgeos D\u00edaz-Montexano, Vitalititus Accepted Member of The Epigraphic Society Rostros de damas y guerreros de los antiguos iberos con fenotipo antropof\u00edsico mixto Euro-Asi\u00e1tico Altaico, similar al de &hellip; <\/p>\n","protected":false},"author":1,"featured_media":15774,"comment_status":"closed","ping_status":"open","sticky":false,"template":"","format":"standard","meta":{"cybocfi_hide_featured_image":"yes","footnotes":""},"categories":[4],"tags":[133,140,698,700,932,934,935,937,947,949,1213,1215,1225,1230,1236,2984,1474,1476,1727,1728,2646,2658,2478,2479,2482,2485,2502,2503,2546],"class_list":["post-15773","post","type-post","status-publish","format-standard","has-post-thumbnail","hentry","category-articulos","tag-altaicas","tag-altaicos","tag-desciframiento","tag-desciframientos","tag-eurasiaticas","tag-eurasiaticos","tag-euroasiaticas","tag-euroasiaticos","tag-euskara","tag-euskera","tag-iberas","tag-iberia","tag-ibericas","tag-ibericos","tag-iberos","tag-idioma-ibero","tag-lengua-ibera","tag-lengua-iberica","tag-mongol","tag-mongoles","tag-transeurasiaticas","tag-transeurasiaticos","tag-tungusicas","tag-tungusicos","tag-turcas","tag-turcos","tag-turquicas","tag-turquicos","tag-vasco"],"_links":{"self":[{"href":"https:\/\/atlantisng.com\/blog\/wp-json\/wp\/v2\/posts\/15773","targetHints":{"allow":["GET"]}}],"collection":[{"href":"https:\/\/atlantisng.com\/blog\/wp-json\/wp\/v2\/posts"}],"about":[{"href":"https:\/\/atlantisng.com\/blog\/wp-json\/wp\/v2\/types\/post"}],"author":[{"embeddable":true,"href":"https:\/\/atlantisng.com\/blog\/wp-json\/wp\/v2\/users\/1"}],"replies":[{"embeddable":true,"href":"https:\/\/atlantisng.com\/blog\/wp-json\/wp\/v2\/comments?post=15773"}],"version-history":[{"count":7,"href":"https:\/\/atlantisng.com\/blog\/wp-json\/wp\/v2\/posts\/15773\/revisions"}],"predecessor-version":[{"id":15782,"href":"https:\/\/atlantisng.com\/blog\/wp-json\/wp\/v2\/posts\/15773\/revisions\/15782"}],"wp:featuredmedia":[{"embeddable":true,"href":"https:\/\/atlantisng.com\/blog\/wp-json\/wp\/v2\/media\/15774"}],"wp:attachment":[{"href":"https:\/\/atlantisng.com\/blog\/wp-json\/wp\/v2\/media?parent=15773"}],"wp:term":[{"taxonomy":"category","embeddable":true,"href":"https:\/\/atlantisng.com\/blog\/wp-json\/wp\/v2\/categories?post=15773"},{"taxonomy":"post_tag","embeddable":true,"href":"https:\/\/atlantisng.com\/blog\/wp-json\/wp\/v2\/tags?post=15773"}],"curies":[{"name":"wp","href":"https:\/\/api.w.org\/{rel}","templated":true}]}}