{"id":1947,"date":"2013-09-15T18:48:29","date_gmt":"2013-09-15T18:48:29","guid":{"rendered":"http:\/\/georgeosdiazmontexano.wordpress.com\/?p=1947"},"modified":"2013-09-15T18:48:29","modified_gmt":"2013-09-15T18:48:29","slug":"las-orcas-y-la-atlantida-mario-morcillo-moreno-in-memoriam","status":"publish","type":"post","link":"https:\/\/atlantisng.com\/blog\/las-orcas-y-la-atlantida-mario-morcillo-moreno-in-memoriam\/","title":{"rendered":"Las Orcas y la Atl\u00e1ntida &#8211; Mario Morcillo Moreno . In Memoriam"},"content":{"rendered":"<blockquote>\n<p>Las orcas tuvieron una relaci\u00f3n muy importante con la Atl\u00e1ntida como ya demostr\u00f3 mi querido amigo Mario Morcillo Moreno a quien dediqu\u00e9 en homenaje p\u00f3stumo el Tomo I de Atlantis . Tartessos . Aegyptius Codex . Clavis . Epitome&#8230; de la Atl\u00e1ntida Hist\u00f3rico-Cient\u00edfica. Para apoyar la causa de Promar (<a title=\"Promar SOS Fauna Marina.org\" href=\"http:\/\/www.promar-sosfaunamarina.org\/\" target=\"_blank\" rel=\"noopener noreferrer\">WebSite<\/a> y <a title=\"Promar facebook page\" href=\"http:\/\/www.facebook.com\/promar.sosfaunamarina\" target=\"_blank\" rel=\"noopener noreferrer\">Facebook page<\/a>). Hoy publico gratis dos cap\u00edtulos del mismo Tomo I donde trato en parte este asunto de la vinculaci\u00f3n de las Orcas con la Atl\u00e1ntida y la aportaci\u00f3n del gran investigador Mario Morcillo Moreno&#8230; Espero que os guste este modesto aporte a la causa y que lo compart\u00e1is todo lo que pod\u00e1is.<\/p>\n<\/blockquote>\n<h1 style=\"text-align: center;\">\u00a0<\/h1>\n<h1 style=\"text-align: center;\"><strong>Las Orcas y la Atl\u00e1ntida<\/strong><\/h1>\n<h1 style=\"text-align: center;\">\u00a0<\/h1>\n<h1 style=\"text-align: center;\">\u00a0<\/h1>\n<h1 style=\"text-align: center;\"><strong>Claudio Eliano<\/strong><\/h1>\n<h3 style=\"text-align: center;\">(ca. 175 &#8211; ca. 235 AD)<\/h3>\n<h1 style=\"text-align: center;\">\u00a0<\/h1>\n<h1 style=\"text-align: center;\">\u00a0<\/h1>\n<h1 style=\"text-align: center;\">Mario Morcillo Moreno . In Memoriam<\/h1>\n<div style=\"text-align: center;\">\u00a0<\/div>\n<div>\u00a0<\/div>\n<div style=\"text-align: center;\">\n<figure id=\"attachment_1960\" aria-describedby=\"caption-attachment-1960\" style=\"width: 460px\" class=\"wp-caption aligncenter\"><a href=\"http:\/\/georgeosdiazmontexano.files.wordpress.com\/2013\/09\/captura-de-pantalla-de-2013-09-15-181057.png\" target=\"_blank\" rel=\"noopener noreferrer\"><img fetchpriority=\"high\" decoding=\"async\" class=\"size-large wp-image-1960 \" title=\"Dedicatoria a Mario al principio del libro...\" src=\"http:\/\/georgeosdiazmontexano.files.wordpress.com\/2013\/09\/captura-de-pantalla-de-2013-09-15-181057.png?w=460\" alt=\"Dedicatoria a Mario al principio del libro...\" width=\"460\" height=\"133\" \/><\/a><figcaption id=\"caption-attachment-1960\" class=\"wp-caption-text\">Dedicatoria a Mario al principio del libro&#8230; Pulsa sobre la foto.<\/figcaption><\/figure>\n<\/div>\n<div>\u00a0<\/div>\n<div style=\"text-align: center;\">\n<figure id=\"attachment_1958\" aria-describedby=\"caption-attachment-1958\" style=\"width: 460px\" class=\"wp-caption aligncenter\"><a href=\"http:\/\/georgeosdiazmontexano.files.wordpress.com\/2013\/09\/captura-de-pantalla-de-2013-09-15-225755.png\" target=\"_blank\" rel=\"noopener noreferrer\"><img decoding=\"async\" class=\"size-large wp-image-1958 \" title=\"P\u00e1gina de presentaci\u00f3n del libro.\" src=\"http:\/\/georgeosdiazmontexano.files.wordpress.com\/2013\/09\/captura-de-pantalla-de-2013-09-15-225755.png?w=460\" alt=\"P\u00e1gina de presentaci\u00f3n del libro.\" width=\"460\" height=\"659\" \/><\/a><figcaption id=\"caption-attachment-1958\" class=\"wp-caption-text\">P\u00e1gina de presentaci\u00f3n del libro. Pulsa sobre la foto para ampliarla.<\/figcaption><\/figure>\n<\/div>\n<div style=\"text-align: center;\">\u00a0<\/div>\n<div>\u00a0<\/div>\n<div><strong>Los \u00abCarneros del mar\u00bb y la \u00abDistinci\u00f3n\u00bb de los reyes de la Atl\u00e1ntida<\/strong><\/div>\n<div>\u00a0<\/div>\n<div>\u00a0<\/div>\n<div>Claudio Eliano (382) escribi\u00f3 alrededor del a\u00f1o 200 AD una interesante y \u00absui generis\u00bb obra titulada De\u00a0Natura Animalium (en gri. \u03a0\u0395\u03a1\u0399 \u0396\u03a9\u03a9\u039d \u0399\u2206\u0399\u039f\u03a4\u0397\u0395\u03a4\u039f\u03a3), o sea, De la Naturaleza de los Animales. Se\u00a0compone de una colecci\u00f3n, en XVII libros con historias variadas sobre la naturaleza, caracter\u00edsticas,\u00a0comportamientos, costumbres y mitos de los animales. Como puede comprobarse en la introducci\u00f3n de\u00a0la Biblioteca cl\u00e1sica Loeb, dicha obra es descrita como \u00abuna interesante colecci\u00f3n de hechos y f\u00e1bulas sobre el\u00a0reino animal, que invita al lector a considerar los contrastes entre el comportamiento animal y humano\u00bb. (Contin\u00faa en el <span style=\"color: #0000ff;\"><strong><a href=\"http:\/\/georgeosdiazmontexano.files.wordpress.com\/2013\/09\/atlantis-tartessos-tomo-i-color-16-pages-sobre-las-orcas-web.pdf\"><span style=\"color: #0000ff;\">PDF<\/span><\/a><\/strong><\/span>]<\/div>\n<div>\u00a0<\/div>\n<div>Notas:<\/div>\n<div>\u00a0<\/div>\n<p>382\u00a0<em>Claudio Eliano o Claudius \u00c6lianus (c. 175 &#8211; c. 235), nacido en Praeneste; autor y profesor de ret\u00f3rica\u00a0romano que floreci\u00f3 durante el gobierno de Septimo Severo (entre el 172-211 AD).\u00a0383 De natura animalium. A. F. Scholfield. The Loeb Classical Library (Cambridge: Harvard University Press,\u00a01958-1959).<\/em><\/p>\n<div>\u00a0<\/div>\n<h3 style=\"text-align: center;\"><span style=\"color: #0000ff;\"><a href=\"http:\/\/georgeosdiazmontexano.files.wordpress.com\/2013\/09\/atlantis-tartessos-tomo-i-color-16-pages-sobre-las-orcas-web.pdf\"><span style=\"color: #0000ff;\"><strong>[LEE LOS DOS CAP\u00cdTULOS EN PDF]<\/strong><\/span><\/a><\/span><\/h3>\n<figure id=\"attachment_1598\" aria-describedby=\"caption-attachment-1598\" style=\"width: 460px\" class=\"wp-caption aligncenter\"><a href=\"http:\/\/georgeosdiazmontexano.files.wordpress.com\/2013\/07\/atlantis-tartessos-tomo-i-del-epc3adtome-de-la-atlc3a1ntida-histc3b3rico-cientc3adfica.jpg\"><img decoding=\"async\" class=\"size-large wp-image-1598\" src=\"http:\/\/georgeosdiazmontexano.files.wordpress.com\/2013\/07\/atlantis-tartessos-tomo-i-del-epc3adtome-de-la-atlc3a1ntida-histc3b3rico-cientc3adfica.jpg?w=460\" alt=\"ATLANTIS TARTESSOS. Tomo I del Ep\u00edtome de la Atl\u00e1ntida Hist\u00f3rico-Cient\u00edfica\" width=\"460\" height=\"739\" \/><\/a><figcaption id=\"caption-attachment-1598\" class=\"wp-caption-text\">ATLANTIS TARTESSOS. Tomo I del Ep\u00edtome de la Atl\u00e1ntida Hist\u00f3rico-Cient\u00edfica. MARIO MORCILLO IN MEMORIAM (<a title=\"www.AtlantidaHistorica.com\" href=\"www.AtlantidaHistorica.com\" target=\"_blank\" rel=\"noopener noreferrer\">www.AtlantidaHistorica.com<\/a>)<\/figcaption><\/figure>\n<hr \/>\n","protected":false},"excerpt":{"rendered":"<p>Las orcas tuvieron una relaci\u00f3n muy importante con la Atl\u00e1ntida como ya demostr\u00f3 mi querido amigo Mario Morcillo Moreno a quien dediqu\u00e9 en homenaje p\u00f3stumo el Tomo &hellip; <\/p>\n","protected":false},"author":1,"featured_media":1598,"comment_status":"open","ping_status":"open","sticky":false,"template":"","format":"standard","meta":{"cybocfi_hide_featured_image":"","footnotes":""},"categories":[2,3,4,5,7],"tags":[193,197,276,330,338,341,342,452,521,644,651,653,694,712,821,865,1001,1002,1019,1021,1054,1060,1062,1638,1640,1641,1738,1808,1854,1916,1918,2005,2008,2051,2436,2453],"class_list":["post-1947","post","type-post","status-publish","format-standard","has-post-thumbnail","hentry","category-antiguas-civilizaciones","category-antiguo-egipto","category-articulos","category-atlantologia-historico-cientifica","category-escriptologia","tag-antiguas-civilizaciones","tag-antiguo-egipto","tag-articulos","tag-atlantida","tag-atlantis","tag-atlantologia","tag-atlantologia-historica","tag-buscando-la-atlantida-3","tag-cartografia-antigua","tag-critias","tag-critica-de-las-fuentes","tag-critica-interpretativa","tag-delfines","tag-diaz-montexano","tag-en-busca-de-la-atlantida","tag-escriptologia","tag-filologia-clasica","tag-filosofia","tag-fuentes-escritas-latinas","tag-fuentes-primarias-y-secundarias","tag-geografia-antigua","tag-georgeos","tag-georgeos-diaz-montexano","tag-mario","tag-mario-morcillo","tag-mario-morcillo-moreno","tag-morcillo-moreno","tag-noticias","tag-orcas","tag-paleogeografia","tag-paleografia","tag-plato","tag-platon","tag-promar","tag-timeo","tag-tradicion-manuscrita"],"_links":{"self":[{"href":"https:\/\/atlantisng.com\/blog\/wp-json\/wp\/v2\/posts\/1947","targetHints":{"allow":["GET"]}}],"collection":[{"href":"https:\/\/atlantisng.com\/blog\/wp-json\/wp\/v2\/posts"}],"about":[{"href":"https:\/\/atlantisng.com\/blog\/wp-json\/wp\/v2\/types\/post"}],"author":[{"embeddable":true,"href":"https:\/\/atlantisng.com\/blog\/wp-json\/wp\/v2\/users\/1"}],"replies":[{"embeddable":true,"href":"https:\/\/atlantisng.com\/blog\/wp-json\/wp\/v2\/comments?post=1947"}],"version-history":[{"count":0,"href":"https:\/\/atlantisng.com\/blog\/wp-json\/wp\/v2\/posts\/1947\/revisions"}],"wp:attachment":[{"href":"https:\/\/atlantisng.com\/blog\/wp-json\/wp\/v2\/media?parent=1947"}],"wp:term":[{"taxonomy":"category","embeddable":true,"href":"https:\/\/atlantisng.com\/blog\/wp-json\/wp\/v2\/categories?post=1947"},{"taxonomy":"post_tag","embeddable":true,"href":"https:\/\/atlantisng.com\/blog\/wp-json\/wp\/v2\/tags?post=1947"}],"curies":[{"name":"wp","href":"https:\/\/api.w.org\/{rel}","templated":true}]}}