{"id":2878,"date":"2015-06-12T11:21:29","date_gmt":"2015-06-12T11:21:29","guid":{"rendered":"https:\/\/georgeosdiazmontexano.wordpress.com\/?p=2878"},"modified":"2015-06-12T11:21:29","modified_gmt":"2015-06-12T11:21:29","slug":"el-dado-rosetta-de-la-lengua-ibera-descifrando-el-ibero-traduccion-de-inscripciones-ibericas-anadir-fotosetiquetareditar-el-dado-rosetta-de-la-lengua-ibera-capitulo-del-libro","status":"publish","type":"post","link":"https:\/\/atlantisng.com\/blog\/el-dado-rosetta-de-la-lengua-ibera-descifrando-el-ibero-traduccion-de-inscripciones-ibericas-anadir-fotosetiquetareditar-el-dado-rosetta-de-la-lengua-ibera-capitulo-del-libro\/","title":{"rendered":"\u00bfEl &quot;Dado Rosetta&quot; de la Lengua \u00cdbera? DESCIFRANDO EL \u00cdBERO"},"content":{"rendered":"<div class=\"fbPhotoAlbumOptionsLeft\"><a href=\"https:\/\/www.academia.edu\/12944019\/\">DESCIFRANDO EL \u00cdBERO &#8211; Traducci\u00f3n de inscripciones ib\u00e9ricas.<\/a><\/div>\n<p><span id=\"transmark\" style=\"display: none; width: 0px; height: 0px;\"><\/span>Noticia de \u00faltima hora: Hallan un dado con signos numerarios ib\u00e9ricos en el alfar \u00edbero-romano de Mas de Moreno (Foz Calanda).\u00a0Esta reciente noticia (cuyo enlace ver\u00e1n al final de esta nota) podr\u00eda confirmar mi hip\u00f3tesis altaica sobre la lengua \u00edbera, publicada en mi libro IB\u00c9RICO EUROASI\u00c1TICO. Descifrando la lengua \u00edbera (2005-2015).<br \/>\nResulta curioso que tan poco tiempo despu\u00e9s de publicar mi libro y divulgar la hip\u00f3tesis, aparezca un nuevo dado ib\u00e9rico similar (por lo que se aprecia en las caras visibles de la foto divulgada en la prensa) que confirmar\u00eda mi hip\u00f3tesis de que cada signo representa un acr\u00f3fono de numeral l\u00e9xico correspondiente a cada cara del dado, o sea, del n\u00famero correspondiente a cada cara del cubo en la serie del 1 al 6, y que como demuestro en el cap\u00edtulo correspondiente, solo pueden ser interpretados con cierta verosimilitud o convicci\u00f3n desde las lenguas altaicas (t\u00farquicas, tung\u00fasicas, mongoles), pero de no desde el griego o el lat\u00edn o cualquier otra lengua indoeuropea conocida, ni desde el fenicio o el bereber, ni desde el proto-vasco mismo.<\/p>\n<h5 style=\"text-align: center;\"><strong>Descarga gratis este <a title=\"El Dado Rosetta de la Lengua Ibera\" href=\"https:\/\/www.academia.edu\/12944019\/\">cap\u00edtulo<\/a> del libro: IB\u00c9RICO EURASI\u00c1TICO. Descifrando la lengua de los\u00a0iberos, de Georgeos D\u00edaz-Montexano, 2005-2015.<\/strong><\/h5>\n<h3><em>15% de descuento en:\u00a0<\/em><a href=\"http:\/\/www.lulu.com\/commerce\/index.php?fBuyContent=16577582\"><img decoding=\"async\" src=\"http:\/\/static.lulu.com\/images\/services\/buy_now_buttons\/es\/book_blue.gif?20150324002819\" alt=\"Support independent publishing: Buy this book on Lulu.\" border=\"0\" \/><\/a><\/h3>\n<div class=\"_5pbx userContent\">\n<strong>IB\u00c9RICO EUROASI\u00c1TICO. Descifrando la lengua \u00edbera: Breve ensayo especulativo sobre el origen altaico-cauc\u00e1sico de la lengua ib\u00e9rica.<\/strong><br \/>\n<strong>Compendio de la teor\u00eda sobre el idioma \u00edbero como miembro de la antiqu\u00edsima macrofamilia Eurasi\u00e1tica y su relaci\u00f3n con lenguas Sino-Caucasianas y Altaicas. Un ensayo de ling\u00fc\u00edstica comparativa y gen\u00e9tica (ADN Mitocondrial) sobre la filiaci\u00f3n asi\u00e1tico-europea de los \u00edberos.<\/strong><\/p>\n<p style=\"text-align: center;\"><a href=\"https:\/\/georgeosdiazmontexano.files.wordpress.com\/2015\/03\/hc_199.jpg\"><img fetchpriority=\"high\" decoding=\"async\" class=\"alignnone size-medium wp-image-2831\" src=\"https:\/\/georgeosdiazmontexano.files.wordpress.com\/2015\/03\/hc_199.jpg?w=460\" alt=\"KUTUR : OISOR \" width=\"460\" height=\"290\" \/><\/a><\/p>\n<p>Fuente:<b>:\u00a0<a href=\"http:\/\/www.diariodeteruel.es\/noticia\/64754\/hallan-un-dado-con-signos-numerarios-ibericos-en-el-alfar-de-foz-calanda\">http:\/\/www.diariodeteruel.es\/noticia\/64754\/hallan-un-dado-con-signos-numerarios-ibericos-en-el-alfar-de-foz-calanda<\/a><\/b>\n<\/div>\n","protected":false},"excerpt":{"rendered":"<p>DESCIFRANDO EL \u00cdBERO &#8211; Traducci\u00f3n de inscripciones ib\u00e9ricas. Noticia de \u00faltima hora: Hallan un dado con signos numerarios ib\u00e9ricos en el alfar \u00edbero-romano de Mas de Moreno &hellip; <\/p>\n","protected":false},"author":1,"featured_media":5135,"comment_status":"open","ping_status":"open","sticky":false,"template":"","format":"standard","meta":{"cybocfi_hide_featured_image":"","footnotes":""},"categories":[2,4,7],"tags":[133,140,187,193,229,230,231,232,254,266,276,376,377,392,398,406,651,653,700,763,770,771,783,797,798,830,842,865,871,892,935,937,1021,1213,1224,1225,1227,1230,1232,1268,1474,1476,1482,1727,1729,1730,1804,1806,1808,1918,2205,2277,2278,2279,2280,2281,2386,2482,2485,2497,2498,2502,2537,2538,2539],"class_list":["post-2878","post","type-post","status-publish","format-standard","has-post-thumbnail","hentry","category-antiguas-civilizaciones","category-articulos","category-escriptologia","tag-altaicas","tag-altaicos","tag-anillo-ibero","tag-antiguas-civilizaciones","tag-are-dage","tag-are-dake","tag-are-tage","tag-are-take","tag-arqueologia","tag-arte","tag-articulos","tag-azerbajan","tag-azerbayan","tag-baites","tag-ban","tag-batir","tag-critica-de-las-fuentes","tag-critica-interpretativa","tag-desciframientos","tag-dravidicas","tag-eban","tag-ebanen","tag-egiar","tag-ekiar","tag-ekien","tag-ensayos-especulativos","tag-epigrafia","tag-escriptologia","tag-escritura-ibera","tag-escrituras-ibericas","tag-euroasiaticas","tag-euroasiaticos","tag-fuentes-primarias-y-secundarias","tag-iberas","tag-iberica-descifrada","tag-ibericas","tag-iberico","tag-ibericos","tag-ibero","tag-indoeuropeas","tag-lengua-ibera","tag-lengua-iberica","tag-lenguas-indoeuropeas","tag-mongol","tag-mongolia","tag-mongoloides","tag-nostraticas","tag-nostraticos","tag-noticias","tag-paleografia","tag-salir","tag-sino-caucasianas","tag-sino-caucasianos","tag-sino-caucasicas","tag-sino-caucasicos","tag-sino-tibetanas","tag-tebanen","tag-turcas","tag-turcos","tag-turkicas","tag-turkikas","tag-turquicas","tag-uzbekas","tag-uzbekistan","tag-uzbekos"],"_links":{"self":[{"href":"https:\/\/atlantisng.com\/blog\/wp-json\/wp\/v2\/posts\/2878","targetHints":{"allow":["GET"]}}],"collection":[{"href":"https:\/\/atlantisng.com\/blog\/wp-json\/wp\/v2\/posts"}],"about":[{"href":"https:\/\/atlantisng.com\/blog\/wp-json\/wp\/v2\/types\/post"}],"author":[{"embeddable":true,"href":"https:\/\/atlantisng.com\/blog\/wp-json\/wp\/v2\/users\/1"}],"replies":[{"embeddable":true,"href":"https:\/\/atlantisng.com\/blog\/wp-json\/wp\/v2\/comments?post=2878"}],"version-history":[{"count":0,"href":"https:\/\/atlantisng.com\/blog\/wp-json\/wp\/v2\/posts\/2878\/revisions"}],"wp:attachment":[{"href":"https:\/\/atlantisng.com\/blog\/wp-json\/wp\/v2\/media?parent=2878"}],"wp:term":[{"taxonomy":"category","embeddable":true,"href":"https:\/\/atlantisng.com\/blog\/wp-json\/wp\/v2\/categories?post=2878"},{"taxonomy":"post_tag","embeddable":true,"href":"https:\/\/atlantisng.com\/blog\/wp-json\/wp\/v2\/tags?post=2878"}],"curies":[{"name":"wp","href":"https:\/\/api.w.org\/{rel}","templated":true}]}}