{"id":4013,"date":"2016-11-23T12:06:36","date_gmt":"2016-11-23T11:06:36","guid":{"rendered":"http:\/\/atlantisng.com\/blog\/?p=4013"},"modified":"2020-10-13T21:34:01","modified_gmt":"2020-10-13T21:34:01","slug":"nueva-hipotesis-semitico-tartesica-sobre-el-origen-del-nombre-de-espana-2","status":"publish","type":"post","link":"https:\/\/atlantisng.com\/blog\/nueva-hipotesis-semitico-tartesica-sobre-el-origen-del-nombre-de-espana-2\/","title":{"rendered":"Nueva hip\u00f3tesis sem\u00edtico-tart\u00e9sica sobre el origen del nombre de Espa\u00f1a."},"content":{"rendered":"<p><i style=\"font-size: small; font-family: 'Lucida Sans Unicode', sans-serif; line-height: 1.5;\">Por <a href=\"http:\/\/www.georgeosdiazmontexano.com\">Georgeos D\u00edaz-Montexano<\/a>, Historical-Scientific Atlantology Adviser for National Geographic, Emeritus President of Scientific Atlantology International Society (SAIS), Accepted Member of The Epigraphic Society.<\/i><\/p>\r\n<p><a href=\"https:\/\/atlantisng.com\/blog\/wp-content\/uploads\/2016\/11\/2016-11-19-11_04_49-https___georgeosdiazmontexano.files_.wordpress.com_2016_06_barcos-atlantes-jimena-1024x694.jpg\"><img fetchpriority=\"high\" decoding=\"async\" class=\"aligncenter size-full wp-image-8398\" src=\"https:\/\/atlantisng.com\/blog\/wp-content\/uploads\/2016\/11\/2016-11-19-11_04_49-https___georgeosdiazmontexano.files_.wordpress.com_2016_06_barcos-atlantes-jimena-1024x694.jpg\" alt=\"Plat\u00f3n - Barcos veleros de Laja Alta, Jimena de la Frontera\" width=\"1024\" height=\"694\" srcset=\"https:\/\/atlantisng.com\/blog\/wp-content\/uploads\/2016\/11\/2016-11-19-11_04_49-https___georgeosdiazmontexano.files_.wordpress.com_2016_06_barcos-atlantes-jimena-1024x694.jpg 1024w, https:\/\/atlantisng.com\/blog\/wp-content\/uploads\/2016\/11\/2016-11-19-11_04_49-https___georgeosdiazmontexano.files_.wordpress.com_2016_06_barcos-atlantes-jimena-1024x694-300x203.jpg 300w, https:\/\/atlantisng.com\/blog\/wp-content\/uploads\/2016\/11\/2016-11-19-11_04_49-https___georgeosdiazmontexano.files_.wordpress.com_2016_06_barcos-atlantes-jimena-1024x694-768x521.jpg 768w\" sizes=\"(max-width: 1024px) 100vw, 1024px\" \/><\/a><\/p>\r\n<p>Son varias las hip\u00f3tesis actualmente discutidas sobre el origen etimol\u00f3gico del nombre de Espa\u00f1a que los griegos y latinos escrib\u00edan como Ispania o Hispania. En las \u00faltimas d\u00e9cadas la hip\u00f3tesis con m\u00e1s seguidores (al menos en el mundo acad\u00e9mico) es la de Jes\u00fas Luis Cunchillos y Jos\u00e9 \u00c1ngel Zamora, expertos en filolog\u00eda semita del CSIC, quienes tras analizar todas las hip\u00f3tesis y realizar un estudio filol\u00f3gico comparativo entre varias lenguas semitas, han llegado a la conclusi\u00f3n de que la hip\u00f3tesis m\u00e1s probable ser\u00eda <strong>*I-span-ya<\/strong>, &#8216;isla\/costa de los forjadores o forjas (de metales)&#8217;, o sea, &#8216;isla\/costa donde se baten o forjan metales&#8217; (siendo <strong>-ya<\/strong> una terminaci\u00f3n con significado de &#8216;lugar&#8217;, &#8216;pa\u00eds&#8217;, &#8216;regi\u00f3n&#8217;). Seg\u00fan Cunchillos y Zamora, la hip\u00f3tesis estar\u00eda justificada en la intensa actividad minera y metal\u00fargica que exist\u00eda en las costas de Andaluc\u00eda, o reino de Tartessos, en los tiempos de la llegada de los fenicios, quienes entre otras razones establecieron sus colonias en estas tierras precisamente atra\u00eddos por su gran riqueza minera, c\u00e9lebre en toda la antig\u00fcedad.*<\/p>\r\n<p style=\"text-align: justify;\">Hace algunos a\u00f1os propuse\u00a0una hip\u00f3tesis etimol\u00f3gica egipcia (a\u00fan hip\u00f3tesis probable), relacionada a su vez con la denominaci\u00f3n de la \u00abCiudad Acu\u00e1tica\u00bb (rodeada de corrientes de aguas) que era la capital de una isla denominada como \u00abIsla de los Dioses\u00bb y que fue representada en antiguos mapas egipcios frente a un estrecho canal (\u00bfColumnas de H\u00e9rcules?)\u00a0en <a href=\"http:\/\/atlantisng.com\/blog\/el-origen-egipcio-del-nombre-de-espana-nueva-teoria\/\">un\u00a0gran oc\u00e9ano verdiazulado de aguas fr\u00edas cuyas dimensiones no conoc\u00eda ni Osiris<\/a>. Isla que relacion\u00e9 con la misma que los egipcios trasmitieron a Sol\u00f3n y que este tradujo al griego como <strong>Atlantis n\u00easos<\/strong> (\u00abIsla de la Descendencia de Atlas o Atlante\u00bb). En esta ocasi\u00f3n os traigo una nueva propuesta, dentro de la misma l\u00ednea de \u00abhip\u00f3tesis fenicia\u00bb seguida por la mayor\u00eda de los estudiosos. Es decir, a trav\u00e9s de t\u00e9rminos presentes en lenguas sem\u00edticas, especialmente en aquellas relacionadas con el fenicio, el hebreo y el arameo, entre otras.<\/p>\r\n<p style=\"text-align: justify;\">En\u00a0arameo, <strong>\u02c0y-spnw<\/strong> (*I-sp\u0101n\u016b), es la \u00abisland of seamanship or navigation\u00bb. Literalmente, \u00abIsla (<strong>\u02c0y<\/strong>) de la mariner\u00eda o de la navegaci\u00f3n o n\u00e1utica (<strong>spnw<\/strong>)\u00bb. Es decir, la isla de la mariner\u00eda o n\u00e1utica, una la isla que especialmente destacar\u00eda por su dominio en el arte de la navegaci\u00f3n mar\u00edtima y la construcci\u00f3n de barcos, probablemente por haberse originado en tal isla (Ispania) dichas artes. Aunque tambi\u00e9n se podr\u00eda traducir como: \u00abIsla de los constructores de barcos\u00bb. La ra\u00edz sem\u00edtica es\u00a0<strong>spn<\/strong>, <strong>spn\u02c0<\/strong>: 1. &#8216;navegante&#8217; (o marinero). 2. &#8216;constructor de barcos&#8217;.<\/p>\r\n<p style=\"text-align: justify;\">Seg\u00fan antiguos mitos griegos (Dionisio de Mitylene, Diodoro S\u00edculo,etc.), fue Atlas o Atlante el inventor del arte de la navegaci\u00f3n. En un m\u00e1s que justificado s\u00edmil con la isla Atlantis, podr\u00edamos considerar el hecho de que el mismo nombre sem\u00edtico de *<strong>I-sp\u0101n\u016b<\/strong> (Isla de la mariner\u00eda, de la navegaci\u00f3n o de la n\u00e1utica), o quiz\u00e1s mejor,\u00a0*<strong>I-sp\u0101ni\u0101<\/strong>, \u00abIsla de los Navegantes o Marineros y Constructores de Barcos\u00bb (del que derivar\u00eda Ispania &gt; Hispania &gt; Espa\u00f1a), ser\u00eda uno de los nombres-ep\u00edtetos que por por fama, celebridad y prestigio tendr\u00eda la <strong>Atlantis n\u00easos\u00a0<\/strong>(Isla Atlantis), que en griego, literalmente significa: \u00abIsla de la Descendencia de Atlas, o Atlante\u00bb. Por consiguiente, la isla de los descendientes del mismo rey\/dios que invent\u00f3 el arte de la navegaci\u00f3n, y por tanto, de la n\u00e1utica o mariner\u00eda y del arte de la construcci\u00f3n de barcos.\u00a0<\/p>\r\n<p style=\"text-align: justify;\">Tal nombre-ep\u00edteto de la Isla Atlantis,*<strong>I-sp\u0101ni\u0101<\/strong>\u00a0o\u00a0<strong>I-sp\u0101ni-y\u0101<\/strong>, pasar\u00eda a la muy cercana Iberia, la cual -siendo realmente una pen\u00ednsula &#8211; fue vista como una isla en la antig\u00fcedad, incluso hasta los tiempos de la influencia \u00e1rabe cuando llamaron a toda Iberia primero y despu\u00e9s solo a la regi\u00f3n de Andaluc\u00eda: yazirat al-And&#8217;lwsh, \u00abisla de Andlos o Andlus\u00bb, que seg\u00fan algunos de los mismos antiguos autores \u00e1rabes significaba \u00abIsla de Atlas o Atlante\u00bb, lo que no parece ser una mera coincidencia fortuita m\u00e1s,\u00a0sino mas bien eco de la misma tradici\u00f3n que sobre la Isla Atlantis registr\u00f3\u00a0Sol\u00f3n en Egipto a trav\u00e9s de sacerdotes egipcios de Sais y Heli\u00f3polis, tal como verific\u00f3 despu\u00e9s en los archivos egipcios el c\u00e9lebre historiador Plutarco de Queronea.\u00a0<\/p>\r\n<p style=\"text-align: justify;\">Esta nueva hip\u00f3tesis que defiendo puede ser refrendada, adem\u00e1s, por un hecho contrastado a trav\u00e9s del Arte Rupestre y dataciones relativas por radiocarbono: la presencia en Iberia, exactamente en la Cueva de la Laja Alta, Jimena de la Frontera, C\u00e1diz, de lo que actualmente se puede considerar como la representaci\u00f3n m\u00e1s antigua conocida y registrada de barcos veleros, cuya antig\u00fcedad podr\u00eda remontarse a m\u00e1s de 6000 a\u00f1os. V\u00e9ase mi art\u00edculo:\u00a0<em><a href=\"http:\/\/atlantisng.com\/blog\/en-iberia-se-construyeron-los-primeros-barcos-a-vela-del-mundo\/\">En Iberia se construyeron los primeros barcos a vela del mundo.<\/a>\u00a0<\/em><a href=\"http:\/\/atlantisng.com\/blog\/en-iberia-se-construyeron-los-primeros-barcos-a-vela-del-mundo\/\"><em>Confirmaci\u00f3n de una hip\u00f3tesis sobre la Atl\u00e1ntida<\/em><\/a>. Si esta dataci\u00f3n defendida desde la Universidad de Granada es correcta, ser\u00edan entonces bastante probable que el arte de la navegaci\u00f3n y la construcci\u00f3n misma de barcos sino surgi\u00f3 en Iberia (o en la cercana isla de Atlantis) tuvo, al menos, un considerable alto desarrollo (como puede verse en los mismos tipos de barcos representados) en tiempos en los que ni egipcios ni sumerios ten\u00edan a\u00fan barcos propulsados a vela. Esta antig\u00fcedad de Iberia como pionera en el arte de la navegaci\u00f3n, incluso a vela, y por la misma raz\u00f3n, pionera en la construcci\u00f3n de barcos, habr\u00eda originado un gran prestigio y celebridad que vemos ya reflejado en aquellos pasajes b\u00edblicos donde a las grandes \u00abNaves de Tarshis\u00bb (Naves de Tartessos) se las compara con las obras m\u00e1s grandiosas de la naturaleza y las mayores creaciones del ser humano (grandes murallas, grandes torres, las artes m\u00e1s preciadas, etc.) que al ser destruidas provocar\u00e1n que el orgullo y la altivez\u00a0de los hombres sean\u00a0humillados y abatidos.<\/p>\r\n<p style=\"text-align: justify;\">\u00a0<\/p>\r\n<blockquote>\r\n<p>&nbsp;<\/p>\r\n<p style=\"text-align: justify;\"><strong>Isa\u00edas 2<\/strong> (Reinado universal de Dios y su juicio)<\/p>\r\n<p style=\"text-align: justify;\"><em>11 La mirada altiva del hombre ser\u00e1 abatida, <\/em><br \/><em> y humillada la soberbia de los hombres; <\/em><br \/><em> el SE\u00d1OR solo ser\u00e1 exaltado en aquel d\u00eda. <\/em><br \/><em>12 Porque el d\u00eda del SE\u00d1OR de los ej\u00e9rcitos vendr\u00e1 <\/em><br \/><em> contra todo el que es soberbio y altivo, <\/em><br \/><em> contra todo el que se ha ensalzado, <\/em><br \/><em> y ser\u00e1 abatido. <\/em><br \/><em>13 Y esto ser\u00e1 contra todos los cedros del L\u00edbano <\/em><br \/><em> altos y erguidos, <\/em><br \/><em> contra todas las encinas de Bas\u00e1n, <\/em><br \/><em>14 contra todos los montes encumbrados, <\/em><br \/><em> contra todos los collados elevados, <\/em><br \/><em>15 contra toda torre alta, <\/em><br \/><em> contra toda muralla fortificada, <\/em><br \/><em>16 contra todas las <strong>naves de Tarsis<\/strong> <\/em><br \/><em> y contra toda obra de arte preciada. <\/em><br \/><em>17 Ser\u00e1 humillado el orgullo del hombre <\/em><br \/><em> y abatida la altivez de los hombres; <\/em><br \/><em> el SE\u00d1OR solo ser\u00e1 exaltado en aquel d\u00eda, <\/em><br \/><em>18 y los \u00eddolos desaparecer\u00e1n por completo.<\/em><\/p>\r\n<\/blockquote>\r\n<p style=\"text-align: justify;\">Y para terminar, una dato revelador, tambi\u00e9n b\u00edblico, donde a Tiro se la identifica como \u00abhija de Tarssis\u00bb, o sea, \u00abhija de Tartessos\u00bb, y no a la inversa como a\u00fan siguen creyendo los arque\u00f3logos e historiadores modernos.<\/p>\r\n<p><strong>Profec\u00eda sobre Tiro<\/strong><\/p>\r\n<blockquote>\r\n<p>&nbsp;<\/p>\r\n<p style=\"text-align: justify;\">1 Profec\u00eda sobre Tiro. <br \/>Gemid, <strong>naves de Tarsis<\/strong>, <br \/>porque Tiro ha sido destruida, sin casas y sin puerto; <br \/>desde la tierra de Chipre les ha sido revelado. <br \/>2 Callad, moradores de la costa, <br \/>mercaderes de Sid\u00f3n; <br \/>tus mensajeros cruzaron el mar, <br \/>3 y estuvieron en muchas aguas.<\/p>\r\n<p style=\"text-align: justify;\">&#8230;6\u00a0Pasad a <strong>Tarsis<\/strong>; <br \/>gemid, moradores de la costa. <br \/>7 \u00bfEs \u00e9sta vuestra ciudad divertida <br \/>cuyos d\u00edas se remontan a la antig\u00fcedad, <br \/>cuyos pies sol\u00edan llevarla a establecerse en lugares distantes?\u00a0<\/p>\r\n<p style=\"text-align: justify;\">&#8230;\u00a0 8 \u00bfQui\u00e9n ha planeado esto contra Tiro, la que conced\u00eda coronas, <br \/>cuyos mercaderes eran pr\u00edncipes, cuyos comerciantes eran los nobles de la tierra? <br \/>9 El SE\u00d1OR de los ej\u00e9rcitos lo ha planeado para abatir el orgullo de toda hermosura, <br \/>para humillar a todos los nobles de la tierra. <br \/>10 Inunda tu tierra como el Nilo, <strong>hija de Tarsis<\/strong>, <br \/>ya no hay m\u00e1s restricci\u00f3n. <br \/>11 Su mano ha extendido sobre el mar, <br \/>ha hecho temblar los reinos; <br \/>el SE\u00d1OR ha dado orden respecto a Cana\u00e1n para que destruyan sus fortalezas.\u00a0<\/p>\r\n<p style=\"text-align: justify;\">&#8230;. 14 Gemid, <strong>naves de Tarsis<\/strong>, <br \/>porque ha sido destruida vuestra fortaleza&#8230;<\/p>\r\n<\/blockquote>\r\n<h4 style=\"text-align: justify;\">\u00a0<\/h4>\r\n<p style=\"text-align: justify;\"><strong>ANEXUS<\/strong><\/p>\r\n<p><strong>spnw<\/strong>, <strong>spnwt\u02c0<\/strong>: <em>&#8216;seamanship&#8217; (or navigation).<\/em><\/p>\r\n<p style=\"text-align: justify;\"><strong>spn<\/strong>, <strong>spn\u02c0<\/strong> (sapp\u0101n, sapp\u0101n\u0101) n.m. <em>sailor.\u00a0<\/em>1 <em>sailor<\/em> JLAtg, Syr, LJLA. TgJ Jonah1:6 : \u05e8\u05b7\u05d1 \u05e1\u05b7\u05e4\u05b8\u05e0\u05b7\u05d9\u05b8\u05d0 \u200f &#8230;chief of the <em>sailors (spni\u0101)<\/em>&#8230; P 1K(1)9:27 : &#8230;(a) ship&#8217;s captain&#8230; JBA. BT Bek 8b(45) : \u05d0\u05f3\u05dc \u05dc\u05e1\u05e4\u05d5\u05e0\u05d0 \u05e9\u05e8\u05d9 \u05e1\u05e4\u05d9\u05e0\u05ea\u05da \u200f &#8230;he said to the sailor: \u00abUntie your boat\u00bb&#8230;\u00a02 <em>ship-builder<\/em> Syr. STS p. 155a.<\/p>\r\n<p style=\"text-align: justify;\"><img decoding=\"async\" class=\"alignnone size-medium wp-image-4002\" src=\"http:\/\/atlantisng.com\/blog\/wp-content\/uploads\/2016\/11\/2016-11-23-09_52_45-The-Comprehensive-Aramaic-Lexicon-Maxthon-Cloud-Browser-beta-4.9.3.1000-ma-600x208.jpg\" alt=\"2016-11-23-09_52_45-the-comprehensive-aramaic-lexicon-maxthon-cloud-browser-beta-4-9-3-1000-ma\" width=\"600\" height=\"208\" \/><\/p>\r\n<p>Page refs. in other dictionaries: LS2: 1032[491]; Jastrow: 1015; Payne-Smith: ~2692; J. Payne-Smith: 386; Levy Ch-W: 2:181.<\/p>\r\n<p style=\"text-align: justify;\">&#8212;&#8212;&#8212;&#8212;&#8212;-<br \/>*\u00a0V\u00e9ase: Gram\u00e1tica elemental fenicia. Jes\u00fas-Luis Cunchillos y Jos\u00e9-\u00c1ngel Zamora. Consejo Superior de Investigaciones Cient\u00edficas, Madrid, 1997, pp. 141-154. ISBN 84-00-07702-4, y Linch, John (director), Fern\u00e1ndez Castro, Mar\u00eda Cruz (segundo tomo), Historia de Espa\u00f1a El Pa\u00eds, volumen II, La pen\u00ednsula Ib\u00e9rica en \u00e9poca prerromana, p. 40. \u00abDossier: La etimolog\u00eda de Espa\u00f1a, \u00bftierra de conejos?\u00bb, ISBN 978-84-9815-764-2.<\/p>\r\n<p style=\"text-align: justify;\">\u00a0<\/p>\r\n<h4 style=\"text-align: justify;\" align=\"justify\"><strong>Art\u00edculos relacionados:\u00a0<\/strong><\/h4>\r\n<h3 class=\"entry-title mh-loop-title\"><a href=\"http:\/\/atlantisng.com\/blog\/el-origen-egipcio-del-nombre-de-espana-nueva-teoria\/\" rel=\"bookmark\">El origen egipcio del nombre de Espa\u00f1a. Nueva hip\u00f3tesis.<\/a><\/h3>\r\n\r\n<h3 class=\"wp-block-heading\"><a href=\"http:\/\/atlantisng.com\/blog\/el-origen-egipcio-del-nombre-de-espana-nueva-teoria\/\">El origen egipcio del nombre de Espa\u00f1a. Nueva hip\u00f3tesis.<\/a><\/h3>\r\n\r\n\r\n\r\n<h3 class=\"wp-block-heading\"><a href=\"http:\/\/atlantisng.com\/blog\/segun-pausanias-poseidon-era-el-creador-de-los-caballos-y-de-los-barcos-con-vela\/\">Seg\u00fan Pausanias, Poseid\u00f3n era el creador de los caballos y de los barcos con vela.<\/a><\/h3>\r\n\r\n\r\n\r\n<h3 class=\"wp-block-heading\"><a href=\"http:\/\/atlantisng.com\/blog\/el-pre-tartesico-dios-poseidon-de-jimena-de-la-frontera-cadiz\/\">El pre-tart\u00e9sico dios Poseid\u00f3n de Jimena de la Frontera, C\u00e1diz.<\/a><\/h3>\r\n\r\n\r\n\r\n<h3 class=\"wp-block-heading\"><a href=\"http:\/\/atlantisng.com\/blog\/en-iberia-se-construyeron-los-primeros-barcos-a-vela-del-mundo\/\">En Iberia se construyeron los primeros barcos a vela del mundo.<\/a><\/h3>\r\n\r\n\r\n\r\n<h3 class=\"wp-block-heading\"><a href=\"http:\/\/atlantisng.com\/blog\/surgio-en-iberia-o-en-sus-cercanias-la-primera-civilizacion-maritima-de-la-humanidad\/\">\u00bfSurgi\u00f3 en Iberia o en sus cercan\u00edas la primera civilizaci\u00f3n mar\u00edtima de la humanidad? <\/a><\/h3>\r\n\r\n\r\n\r\n<h3 class=\"wp-block-heading\"><a href=\"http:\/\/atlantisng.com\/blog\/las-pinturas-de-barcos-de-la-cueva-gaditana-de-laja-alta-podrian-ser-varios-miles-de-anos-mas-antiguas\/\">LAS PINTURAS DE BARCOS DE LA CUEVA GADITANA DE \u201cLAJA ALTA\u201d PODR\u00cdAN SER VARIOS MILES DE A\u00d1OS M\u00c1S ANTIGUAS.<\/a><\/h3>\r\n\r\n\r\n\r\n<h3 class=\"wp-block-heading\"><a href=\"http:\/\/atlantisng.com\/blog\/antiguedad-de-las-anclas-atlanticas-el-resurgir-de-la-atlantida-de-james-cameron-para-national-geographic\/\">Antig\u00fcedad de las Anclas Atl\u00e1nticas. \u201cEl resurgir de la Atl\u00e1ntida\u201d de James Cameron para National Geographic.<\/a><\/h3>\r\n\r\n<p>&nbsp;<\/p>\r\n<p>&nbsp;<\/p>","protected":false},"excerpt":{"rendered":"<p>Por Georgeos D\u00edaz-Montexano, Historical-Scientific Atlantology Adviser for National Geographic, Emeritus President of Scientific Atlantology International Society (SAIS), Accepted Member of The Epigraphic Society. Son varias las hip\u00f3tesis &hellip; <\/p>\n","protected":false},"author":1,"featured_media":8398,"comment_status":"open","ping_status":"open","sticky":false,"template":"","format":"standard","meta":{"cybocfi_hide_featured_image":"yes","footnotes":""},"categories":[2,4,5,7,11],"tags":[171,222,254,273,276,330,338,341,465,474,644,774,842,865,923,993,995,1061,1146,1177,1178,1329,1371,1783,1801,1808,1872,2008,2436],"class_list":["post-4013","post","type-post","status-publish","format-standard","has-post-thumbnail","hentry","category-antiguas-civilizaciones","category-articulos","category-atlantologia-historico-cientifica","category-escriptologia","category-tartessos","tag-andalucia","tag-arameo","tag-arqueologia","tag-arte-rupestre","tag-articulos","tag-atlantida","tag-atlantis","tag-atlantologia","tag-cadiz","tag-calcolitico","tag-critias","tag-edad-del-bronce","tag-epigrafia","tag-escriptologia","tag-etimologia","tag-fenicias","tag-fenicios","tag-georgeos-diaz","tag-hebreo","tag-hipotesis","tag-hispania","tag-ispania","tag-jimena-de-la-frontera","tag-neolitico","tag-nombre","tag-noticias","tag-origen","tag-platon","tag-timeo"],"_links":{"self":[{"href":"https:\/\/atlantisng.com\/blog\/wp-json\/wp\/v2\/posts\/4013","targetHints":{"allow":["GET"]}}],"collection":[{"href":"https:\/\/atlantisng.com\/blog\/wp-json\/wp\/v2\/posts"}],"about":[{"href":"https:\/\/atlantisng.com\/blog\/wp-json\/wp\/v2\/types\/post"}],"author":[{"embeddable":true,"href":"https:\/\/atlantisng.com\/blog\/wp-json\/wp\/v2\/users\/1"}],"replies":[{"embeddable":true,"href":"https:\/\/atlantisng.com\/blog\/wp-json\/wp\/v2\/comments?post=4013"}],"version-history":[{"count":3,"href":"https:\/\/atlantisng.com\/blog\/wp-json\/wp\/v2\/posts\/4013\/revisions"}],"predecessor-version":[{"id":14137,"href":"https:\/\/atlantisng.com\/blog\/wp-json\/wp\/v2\/posts\/4013\/revisions\/14137"}],"wp:featuredmedia":[{"embeddable":true,"href":"https:\/\/atlantisng.com\/blog\/wp-json\/wp\/v2\/media\/8398"}],"wp:attachment":[{"href":"https:\/\/atlantisng.com\/blog\/wp-json\/wp\/v2\/media?parent=4013"}],"wp:term":[{"taxonomy":"category","embeddable":true,"href":"https:\/\/atlantisng.com\/blog\/wp-json\/wp\/v2\/categories?post=4013"},{"taxonomy":"post_tag","embeddable":true,"href":"https:\/\/atlantisng.com\/blog\/wp-json\/wp\/v2\/tags?post=4013"}],"curies":[{"name":"wp","href":"https:\/\/api.w.org\/{rel}","templated":true}]}}