{"id":4330,"date":"2017-03-20T08:36:02","date_gmt":"2017-03-20T07:36:02","guid":{"rendered":"http:\/\/atlantisng.com\/blog\/?p=4330"},"modified":"2017-03-20T08:36:02","modified_gmt":"2017-03-20T07:36:02","slug":"la-leyenda-historica-de-la-atlantida-y-la-primigenia-jaen-diario-jaen-19032017","status":"publish","type":"post","link":"https:\/\/atlantisng.com\/blog\/la-leyenda-historica-de-la-atlantida-y-la-primigenia-jaen-diario-jaen-19032017\/","title":{"rendered":"La leyenda hist\u00f3rica de la Atl\u00e1ntida y la primigenia Ja\u00e9n &#8211; Diario Ja\u00e9n 19\/03\/2017"},"content":{"rendered":"<p class=\"western\" align=\"justify\"><span style=\"font-size: small;\"><i>Georgeos D\u00edaz-Montexano: Historical-Scientific Atlantology Adviser for James Cameron and Simcha Jacobovici in the Atlantis Project for National Geogaphic, President Emeritus of Scientific Atlantology International Society (SAIS), Accepted Member of The Epigraphic Society since 1992..<\/i><\/span><\/p>\n<p align=\"center\"><span style=\"font-size: x-large;\"><b>La leyenda hist\u00f3rica de la Atl\u00e1ntida y la primigenia Ja\u00e9n<\/b><\/span><\/p>\n<p class=\"western\" align=\"justify\"><span style=\"font-size: small;\"><span style=\"color: #000000;\"><span style=\"font-size: medium;\">Cuando a finales del pasado siglo <\/span><\/span><span style=\"color: #000000;\"><span style=\"font-size: medium;\">el escritor <\/span><\/span><i><a href=\"http:\/\/www.AtlantisRising.es\/\">Georgeos D\u00edaz-Montexano<\/a><\/i><span style=\"color: #000000;\"><span style=\"font-size: medium;\">, <\/span><\/span><i><span style=\"color: #000000;\"><span style=\"font-size: medium;\">asesor de atlantolog\u00eda hist\u00f3rico-cient\u00edfica<\/span><\/span><\/i><span style=\"color: #000000;\"><span style=\"font-size: medium;\"> para James Cameron y Simcha Jacobovici, <\/span><\/span><span style=\"color: #000000;\"><span style=\"font-size: medium;\">y Presidente Em\u00e9rito de la <\/span><\/span><i><a href=\"http:\/\/www.AtlantiSais.org\/\">SAIS<\/a><\/i><span style=\"color: #000000;\"><span style=\"font-size: medium;\">, <\/span><\/span><span style=\"color: #000000;\"><span style=\"font-size: medium;\">se percat\u00f3<\/span><\/span><span style=\"color: #000000;\"><span style=\"font-size: medium;\"> del asombroso parecido que presentaban la capital de <\/span><\/span><span style=\"color: #000000;\"><span style=\"font-size: medium;\">la Atl\u00e1<\/span><\/span><span style=\"color: #000000;\"><span style=\"font-size: medium;\">nti<\/span><\/span><span style=\"color: #000000;\"><span style=\"font-size: medium;\">da<\/span><\/span><span style=\"color: #000000;\"><span style=\"font-size: medium;\"> y Marroqu\u00edes Bajos, en cuan<\/span><\/span><span style=\"color: #000000;\"><span style=\"font-size: medium;\">t<\/span><\/span><span style=\"color: #000000;\"><span style=\"font-size: medium;\">o <\/span><\/span><span style=\"color: #000000;\"><span style=\"font-size: medium;\">a un mismo<\/span><\/span> <span style=\"color: #000000;\"><span style=\"font-size: medium;\">dise\u00f1o urban\u00edstico circular conc\u00e9ntrico <\/span><\/span><span style=\"color: #000000;\"><span style=\"font-size: medium;\">trazado casi al comp\u00e1s, con<\/span><\/span><span style=\"color: #000000;\"><span style=\"font-size: medium;\"> fosos <\/span><\/span><span style=\"color: #000000;\"><span style=\"font-size: medium;\">que <\/span><\/span><span style=\"color: #000000;\"><span style=\"font-size: medium;\">canalizaban agua <\/span><\/span><span style=\"color: #000000;\"><span style=\"font-size: medium;\">altern<\/span><\/span><span style=\"color: #000000;\"><span style=\"font-size: medium;\">\u00e1ndose<\/span><\/span> <span style=\"color: #000000;\"><span style=\"font-size: medium;\">con espacios inter-fosos, no <\/span><\/span><span style=\"color: #000000;\"><span style=\"font-size: medium;\">fue capaz de <\/span><\/span><span style=\"color: #000000;\"><span style=\"font-size: medium;\">imagin<\/span><\/span><span style=\"color: #000000;\"><span style=\"font-size: medium;\">ar l<\/span><\/span><span style=\"color: #000000;\"><span style=\"font-size: medium;\">a <\/span><\/span><span style=\"color: #000000;\"><span style=\"font-size: medium;\">gran <\/span><\/span><span style=\"color: #000000;\"><span style=\"font-size: medium;\">repercusi\u00f3n qu<\/span><\/span><span style=\"color: #000000;\"><span style=\"font-size: medium;\">e<\/span><\/span><span style=\"color: #000000;\"><span style=\"font-size: medium;\"> traer\u00eda a\u00f1os despu\u00e9s. En poco tiempo algunos de los mayores medios de prensa se hicieron eco de <\/span><\/span><span style=\"color: #000000;\"><span style=\"font-size: medium;\">su<\/span><\/span><span style=\"color: #000000;\"><span style=\"font-size: medium;\"> hip\u00f3tesis<\/span><\/span><span style=\"color: #000000;\"><span style=\"font-size: medium;\"> sobre aquella primigenia Ja\u00e9n <\/span><\/span><span style=\"color: #000000;\"><span style=\"font-size: medium;\">y m\u00e1s tarde el mismo James Cameron <\/span><\/span><span style=\"color: #000000;\"><span style=\"font-size: medium;\">acept\u00f3 <\/span><\/span><span style=\"color: #000000;\"><span style=\"font-size: medium;\">su propuesta de <\/span><\/span><span style=\"color: #000000;\"><span style=\"font-size: medium;\">inc<\/span><\/span><span style=\"color: #000000;\"><span style=\"font-size: medium;\">l<\/span><\/span><span style=\"color: #000000;\"><span style=\"font-size: medium;\">uirla<\/span><\/span><span style=\"color: #000000;\"><span style=\"font-size: medium;\"> en <\/span><\/span><span style=\"color: #000000;\"><span style=\"font-size: medium;\">el<\/span><\/span><span style=\"color: #000000;\"><span style=\"font-size: medium;\"> primer documental <\/span><\/span><span style=\"color: #000000;\"><span style=\"font-size: medium;\">de una serie <\/span><\/span><span style=\"color: #000000;\"><span style=\"font-size: medium;\">sobre la Atl\u00e1ntida<\/span><\/span><span style=\"color: #000000;\"><span style=\"font-size: medium;\">.<\/span><\/span> <\/span><\/p>\n<p class=\"western\" align=\"justify\"><span style=\"font-size: small;\"><span style=\"color: #000000;\"><span style=\"font-size: medium;\">Poco despu\u00e9s <\/span><\/span><span style=\"color: #000000;\"><span style=\"font-size: medium;\">de las primeras publicaciones de D\u00edaz-Montexano <\/span><\/span><span style=\"color: #000000;\"><span style=\"font-size: medium;\">o<\/span><\/span><span style=\"color: #000000;\"><span style=\"font-size: medium;\">tros <\/span><\/span><span style=\"color: #000000;\"><span style=\"font-size: medium;\">destacados <\/span><\/span><span style=\"color: #000000;\"><span style=\"font-size: medium;\">autores jiennenses <\/span><\/span><span style=\"color: #000000;\"><span style=\"font-size: medium;\">abrazaron la <\/span><\/span><span style=\"color: #000000;\"><span style=\"font-size: medium;\">hip\u00f3tesis. El primero <\/span><\/span><span style=\"color: #000000;\"><span style=\"font-size: medium;\">en acogerla de buen grado <\/span><\/span><span style=\"color: #000000;\"><span style=\"font-size: medium;\">&#8211;<\/span><\/span><span style=\"color: #000000;\"><span style=\"font-size: medium;\">en dos de sus libros<\/span><\/span><span style=\"color: #000000;\"><span style=\"font-size: medium;\">&#8211;<\/span><\/span><span style=\"color: #000000;\"><span style=\"font-size: medium;\"> fue <\/span><\/span><span style=\"color: #000000;\"><span style=\"font-size: medium;\">el c\u00e9lebre escritor jiennense <\/span><\/span><span style=\"color: #000000;\"><span style=\"font-size: medium;\">Juan Eslava Gal\u00e1n. <\/span><\/span><span style=\"color: #000000;\"><span style=\"font-size: medium;\">En 2008 Francisca Hornos Mata, Narciso Zafra de la Torre y Marcelo Castro L\u00f3pez, tres de los m\u00e1s destacados arque\u00f3logos jiennenses, tambi\u00e9n mencionaron la similitud con el dise\u00f1o de la capital de Atlantis en una importante publicaci\u00f3n cient\u00edfica, <\/span><\/span><span style=\"color: #000000;\"><span style=\"font-size: medium;\">pero sin aprobar la hip\u00f3tesis<\/span><\/span><span style=\"color: #000000;\"><span style=\"font-size: medium;\">. <\/span><\/span><\/span><\/p>\n<p class=\"western\" align=\"justify\"><span style=\"font-size: small;\"><span style=\"color: #000000;\"><span style=\"font-size: medium;\">En<\/span><\/span><span style=\"color: #000000;\"><span style=\"font-size: medium;\"> 2009, el escritor Luis Lucena Canales desarroll\u00f3 una versi\u00f3n diferente de la hip\u00f3tesis de D\u00edaz-Montexano, <\/span><\/span><span style=\"color: #000000;\"><span style=\"font-size: medium;\">proponiendo<\/span><\/span> <span style=\"color: #000000;\"><span style=\"font-size: medium;\">que Marroqu\u00edes Bajos <\/span><\/span><span style=\"color: #000000;\"><span style=\"font-size: medium;\">fue el <\/span><\/span><span style=\"color: #000000;\"><span style=\"font-size: medium;\">referente <\/span><\/span><span style=\"color: #000000;\"><span style=\"font-size: medium;\">usado por <\/span><\/span><span style=\"color: #000000;\"><span style=\"font-size: medium;\">Plat\u00f3n <\/span><\/span><span style=\"color: #000000;\"><span style=\"font-size: medium;\">para describir la capital de Atlantis <\/span><\/span><span style=\"color: #000000;\"><span style=\"font-size: medium;\">y no como sostiene D\u00edaz-Montexano, que fuera <\/span><\/span><span style=\"color: #000000;\"><span style=\"font-size: medium;\">una <\/span><\/span><span style=\"color: #000000;\"><span style=\"font-size: medium;\">importante ciudad o capital del interior <\/span><\/span><span style=\"color: #000000;\"><span style=\"font-size: medium;\">de la misma civilizaci\u00f3n atl\u00e1ntica que los sacerdotes egipcios describieron a Sol\u00f3n.<\/span><\/span><span style=\"color: #000000;\"><span style=\"font-size: medium;\"> Una<\/span><\/span><span style=\"color: #000000;\"><span style=\"font-size: medium;\"> ciudad hermana de la metr\u00f3polis de la <\/span><\/span><span style=\"color: #000000;\"><span style=\"font-size: medium;\">isla <\/span><\/span><span style=\"color: #000000;\"><span style=\"font-size: medium;\">Atl\u00e1ntida, <\/span><\/span><span style=\"color: #000000;\"><span style=\"font-size: medium;\">tal como se expone en el reciente documental de <\/span><\/span><span style=\"color: #000000;\"><span style=\"font-size: medium;\">National Geographic, \u201c<\/span><\/span><span style=\"color: #000000;\"><span style=\"font-size: medium;\">El resurgir de la Atl\u00e1ntida\u201d, producido por James Cameron <\/span><\/span><span style=\"color: #000000;\"><span style=\"font-size: medium;\">y dirigido por Simcha Jacobovici<\/span><\/span><span style=\"color: #000000;\"><span style=\"font-size: medium;\">.<\/span><\/span><\/span><\/p>\n<p class=\"western\" align=\"justify\"><span style=\"font-size: small;\"><span style=\"color: #000000;\"><span style=\"font-size: medium;\">Jos\u00e9 Torres Fern\u00e1ndez, <\/span><\/span><span style=\"color: #000000;\"><span style=\"font-size: medium;\">otro importante <\/span><\/span><span style=\"color: #000000;\"><span style=\"font-size: medium;\">investigador y escritor <\/span><\/span><span style=\"color: #000000;\"><span style=\"font-size: medium;\">jiennense, <\/span><\/span><span style=\"color: #000000;\"><span style=\"font-size: medium;\">que tambi\u00e9n se interes\u00f3 por la hip\u00f3tesis<\/span><\/span><span style=\"color: #000000;\"><span style=\"font-size: medium;\">, p<\/span><\/span><span style=\"color: #000000;\"><span style=\"font-size: medium;\">iens<\/span><\/span><span style=\"color: #000000;\"><span style=\"font-size: medium;\">a<\/span><\/span><span style=\"color: #000000;\"><span style=\"font-size: medium;\"> que la teor\u00eda que presenta el documental est\u00e1 bien documentada y es bastante p<\/span><\/span><span style=\"color: #000000;\"><span style=\"font-size: medium;\">roba<\/span><\/span><span style=\"color: #000000;\"><span style=\"font-size: medium;\">ble. <\/span><\/span><i><span style=\"color: #000000;\"><span style=\"font-size: medium;\">\u201cComo ya expuse en el \u00faltimo cap\u00edtulo de mi libro \u201cEl Drag\u00f3n de Ja\u00e9n\u201d (2009), Marroqu\u00edes Bajos y el antiguo Ja\u00e9n en general pudo ser una ciudad destacada de la civilizaci\u00f3n de la Atl\u00e1ntida, aunque no su capital, pues no est\u00e1 junto al <\/span><\/span><span style=\"color: #000000;\"><span style=\"font-size: medium;\">o<\/span><\/span><span style=\"color: #000000;\"><span style=\"font-size: medium;\">c\u00e9ano <\/span><\/span><span style=\"color: #000000;\"><span style=\"font-size: medium;\">Atl\u00e1ntico<\/span><\/span><span style=\"color: #000000;\"><span style=\"font-size: medium;\">, una de las condiciones que explic\u00f3 Plat\u00f3n&#8230;\u201d<\/span><\/span><\/i> <span style=\"color: #000000;\"><span style=\"font-size: medium;\">&#8211; Se\u00f1ala Torres Fern\u00e1ndez.<\/span><\/span><\/span><\/p>\n<p class=\"western\" align=\"justify\"><span style=\"font-size: large;\"><b><span style=\"color: #000000;\">\u00bf<\/span><span style=\"color: #000000;\">Fue inscrito e<\/span><span style=\"color: #000000;\">l nombre de <\/span><span style=\"color: #000000;\">la isla <\/span><span style=\"color: #000000;\">Atlantis en el barranco de El Toril <\/span><span style=\"color: #000000;\">en Ot\u00ed\u00f1ar<\/span><span style=\"color: #000000;\">?<\/span><\/b><\/span><\/p>\n<p class=\"western\" align=\"justify\"><span style=\"font-size: small;\"><span style=\"color: #000000;\"><span style=\"font-size: medium;\">En <\/span><\/span><span style=\"color: #000000;\"><span style=\"font-size: medium;\">e<\/span><\/span><span style=\"color: #000000;\"><span style=\"font-size: medium;\">l<\/span><\/span> <span style=\"color: #000000;\"><span style=\"font-size: medium;\">Barranco de El Toril (o del Estoril), tambi\u00e9n <\/span><\/span><span style=\"color: #000000;\"><span style=\"font-size: medium;\">conocido <\/span><\/span><span style=\"color: #000000;\"><span style=\"font-size: medium;\">como Barranco <\/span><\/span><span style=\"color: #000000;\"><span style=\"font-size: medium;\">de La Tinaja, <\/span><\/span><span style=\"color: #000000;\"><span style=\"font-size: medium;\">en Ot\u00ed\u00f1ar<\/span><\/span><span style=\"color: #000000;\"><span style=\"font-size: medium;\">,<\/span><\/span> <span style=\"color: #000000;\"><span style=\"font-size: medium;\">se grabaron varios conjuntos de s\u00edmbolos circulares conc\u00e9ntricos <\/span><\/span><span style=\"color: #000000;\"><span style=\"font-size: medium;\">que D\u00edaz-Montexano piensa que podr\u00eda<\/span><\/span><span style=\"color: #000000;\"><span style=\"font-size: medium;\">n<\/span><\/span><span style=\"color: #000000;\"><span style=\"font-size: medium;\"> ser representaciones de poblados del Calcol\u00edtico con el mismo patr\u00f3n circular conc\u00e9ntrico. <\/span><\/span><i><span style=\"color: #000000;\"><span style=\"font-size: medium;\">\u201cEn cuesti\u00f3n de interpretaci\u00f3n de s\u00edmbolos antiguos <\/span><\/span><span style=\"color: #000000;\"><span style=\"font-size: medium;\">grabados<\/span><\/span> <span style=\"color: #000000;\"><span style=\"font-size: medium;\">o <\/span><\/span><span style=\"color: #000000;\"><span style=\"font-size: medium;\">pintados en cuevas<\/span><\/span><span style=\"color: #000000;\"><span style=\"font-size: medium;\">, nadie puede sentar c\u00e1tedra\u201d<\/span><\/span><\/i> <span style=\"color: #000000;\"><span style=\"font-size: medium;\">-puntualiza el atlant\u00f3logo-<\/span><\/span><span style=\"color: #000000;\"><span style=\"font-size: medium;\"> Estos s\u00edmbolos, a su vez, estar\u00edan relacionados con el elemento acu\u00e1tico y <\/span><\/span><span style=\"color: #000000;\"><span style=\"font-size: medium;\">por ende <\/span><\/span><span style=\"color: #000000;\"><span style=\"font-size: medium;\">con una divinidad de las aguas, de las fuentes, arroyos, r\u00edos, lagos, etc. La misma divinidad que Sol\u00f3n tradujo de<\/span><\/span><span style=\"color: #000000;\"><span style=\"font-size: medium;\">sde<\/span><\/span><span style=\"color: #000000;\"><span style=\"font-size: medium;\"> las fuentes egipcias por su equivalente griego, Poseid\u00f3n&#8230;<\/span><\/span><\/span><\/p>\n<h3 class=\"western\" style=\"text-align: center;\" align=\"justify\">[ <a title=\"Origen del nombre de la Antigua Ja\u00e9n. Nuevas Hip\u00f3tesis. Georgeos D\u00edaz-Montexano.\" href=\"http:\/\/atlantisng.com\/blog\/wp-content\/uploads\/2017\/03\/La-Leyenda-Historica-de-la-Atl\u00e1ntida-y-la-Antigua-Jaen-1.pdf\">Leer el resto del art\u00edculo en el siguiente PDF<\/a> ]<\/h3>\n<h3 style=\"text-align: center;\">[ <a title=\"http:\/\/atlantisng.com\/blog\/wp-content\/uploads\/2017\/04\/atala-aclaracion.pdf\" href=\"http:\/\/atlantisng.com\/blog\/wp-content\/uploads\/2017\/04\/atala-aclaracion-1.pdf\">Importante ANEXO aclaratorio: Puntualizaciones sobre la inscripci\u00f3n ATAL o ATALA del Barranco de El Toril, Ja\u00e9n.<br \/>\nGeorgeos D\u00edaz-Montexano, Scientific Atlantology International Society (SAIS).<\/a> ]<\/h3>\n","protected":false},"excerpt":{"rendered":"<p>Estimad@s Amig@s:<br \/>\nAnoche regres\u00e9 a casa despu\u00e9s de un par de semanas intensivas de filmaci\u00f3n del nuevo documental de National Geographic sobre la Atl\u00e1ntida donde he sido consultado como asesor experto en Atlantolog\u00eda Hist\u00f3rico-Cient\u00edfica para la parte (la mayor parte del documental) que abarca el Centro-Suroeste de Iberia y la zona del estrecho y Golfo de C\u00e1diz. El resto del documental (que es la menor parte del mismo) se reparte entre las islas de Cerde\u00f1a, Sicilia, Malta y Santorini (que es por donde comienza el documental) y las Azores, con las cuales terminar\u00e1 el mismo y a lo que se dedicar\u00e1 apenas unos pocos minutos finales del documental, despu\u00e9s de terminarse las exploraciones en el Suroeste de Iberia (Ja\u00e9n, Sevilla, C\u00e1diz, Huelva y Badajoz) conmigo&#8230;<\/p>\n","protected":false},"author":1,"featured_media":4333,"comment_status":"open","ping_status":"open","sticky":false,"template":"","format":"standard","meta":{"cybocfi_hide_featured_image":"","footnotes":""},"categories":[2,4,5,7,11],"tags":[55,119,120,193,298,302,323,330,338,341,342,346,357,358,359,360,362,363,364,365,366,367,401,668,747,803,816,819,882,1010,1062,1228,1229,1273,1344,1347,1382,1389,1564,1622,1644,1763,1808,1880,1881,1882,1883,1893,1894,1897,1975,2008,2274,2322,2366,2376,2571],"class_list":["post-4330","post","type-post","status-publish","format-standard","has-post-thumbnail","hentry","category-antiguas-civilizaciones","category-articulos","category-atlantologia-historico-cientifica","category-escriptologia","category-tartessos","tag-a-ta-l","tag-alinga","tag-alinge","tag-antiguas-civilizaciones","tag-atal","tag-atala","tag-atlantes","tag-atlantida","tag-atlantis","tag-atlantologia","tag-atlantologia-historica","tag-atlata","tag-aurgi","tag-aurgui","tag-aurigi","tag-aurigui","tag-auringe","tag-auringi","tag-auringis","tag-auringue","tag-auringui","tag-auringuis","tag-barranco-de-el-toril","tag-cueva-de-la-tinaja","tag-documental","tag-el-toril","tag-elinga","tag-eltar","tag-escritura-lineal-pre-tartessia","tag-francisa-hornos-mata","tag-georgeos-diaz-montexano","tag-iberico-meridional","tag-iberico-suroriental","tag-inscripcion","tag-jaen","tag-james-cameron","tag-jose-torres","tag-juan-eslava-galan","tag-luis-lucena-canales","tag-marcelo-castro-lopez","tag-marroquies-bajos","tag-national-geographic","tag-noticias","tag-oringi","tag-oringis","tag-oringui","tag-oringuis","tag-orongi","tag-orongui","tag-otinar","tag-pictogramas","tag-platon","tag-simcha-jacobovici","tag-sudlusitana","tag-tartesico","tag-tartessio","tag-vicente-barba-colmenero"],"_links":{"self":[{"href":"https:\/\/atlantisng.com\/blog\/wp-json\/wp\/v2\/posts\/4330","targetHints":{"allow":["GET"]}}],"collection":[{"href":"https:\/\/atlantisng.com\/blog\/wp-json\/wp\/v2\/posts"}],"about":[{"href":"https:\/\/atlantisng.com\/blog\/wp-json\/wp\/v2\/types\/post"}],"author":[{"embeddable":true,"href":"https:\/\/atlantisng.com\/blog\/wp-json\/wp\/v2\/users\/1"}],"replies":[{"embeddable":true,"href":"https:\/\/atlantisng.com\/blog\/wp-json\/wp\/v2\/comments?post=4330"}],"version-history":[{"count":0,"href":"https:\/\/atlantisng.com\/blog\/wp-json\/wp\/v2\/posts\/4330\/revisions"}],"wp:attachment":[{"href":"https:\/\/atlantisng.com\/blog\/wp-json\/wp\/v2\/media?parent=4330"}],"wp:term":[{"taxonomy":"category","embeddable":true,"href":"https:\/\/atlantisng.com\/blog\/wp-json\/wp\/v2\/categories?post=4330"},{"taxonomy":"post_tag","embeddable":true,"href":"https:\/\/atlantisng.com\/blog\/wp-json\/wp\/v2\/tags?post=4330"}],"curies":[{"name":"wp","href":"https:\/\/api.w.org\/{rel}","templated":true}]}}