{"id":4414,"date":"2017-05-25T07:06:55","date_gmt":"2017-05-25T05:06:55","guid":{"rendered":"http:\/\/atlantisng.com\/blog\/?p=4414"},"modified":"2022-05-16T01:38:57","modified_gmt":"2022-05-16T01:38:57","slug":"sobre-mis-hipotesis-de-posibles-relaciones-entre-atlantes-y-pueblos-semitas-una-necesaria-aclaracion","status":"publish","type":"post","link":"https:\/\/atlantisng.com\/blog\/sobre-mis-hipotesis-de-posibles-relaciones-entre-atlantes-y-pueblos-semitas-una-necesaria-aclaracion\/","title":{"rendered":"Sobre mis hip\u00f3tesis de posibles relaciones entre Atlantes y pueblos Semitas. Una necesaria aclaraci\u00f3n."},"content":{"rendered":"<h6 style=\"text-align: justify;\">Foto: Georgeos D\u00edaz-Montexano y Simcha Jacobovici (izquierda) en el Barranco de El Toril, Ot\u00ed\u00f1ar, Ja\u00e9n, frente a una posible Proto-Menorah del Calcol\u00edtico y otros s\u00edmbolos de Atlantis. Escena del documental \u00abEl resurgir de la Atl\u00e1ntida\u00bb (Atlantis Rising), 2017, producido por James Cameron, Simcha Jacobovici, Yaron Niski, Felix Golubev y Tim Pastore, para National Geographic.<\/h6>\n<p style=\"text-align: justify;\"><i>Por Georgeos D\u00edaz-Montexano, Historical-Scientific Atlantology Adviser for National Geographic, Emeritus President of Scientific Atlantology International Society (SAIS), Accepted Member of The Epigraphic Society.<\/i><\/p>\n<div class=\"_li\">\n<div id=\"globalContainer\" class=\"uiContextualLayerParent\">\n<div id=\"content\" class=\"fb_content clearfix \">\n<div class=\"_5i8q\">\n<div class=\"_4-u2 _4-u8\">\n<div class=\"_4-u3\" style=\"text-align: justify;\">\n<div class=\"_4lmi\">\n<div class=\"_39k5 _5s6c\">\n<div class=\"_2cuy _3dgx _2vxa\">S\u00e9 que algunos de mis hallazgos no solo est\u00e1n causando cierta pol\u00e9mica, sino hasta cierto malestar en algunas personas que por alguna raz\u00f3n que desconozco no les agrada para nada la idea de que los pueblos semitas (en especial hebreos o jud\u00edos) puedan haber descendido de los Atlantes o haber tenido alguna relaci\u00f3n de parentesco con estos. Muy probablemente estas personas han estado creyendo durante mucho tiempo que la Atl\u00e1ntida era una civilizaci\u00f3n solamente europea, o \u00abaria\u00bb.<\/div>\n<div><\/div>\n<div class=\"_2cuy _3dgx _2vxa\">Como todos pueden comprobar, yo no me invento las evidencias ni los datos. Son hechos que est\u00e1n ah\u00ed, que cualquiera puede corroborar. Puedo equivocarme en la interpretaci\u00f3n de tales evidencias y en las hip\u00f3tesis que formulo, por supuesto. De hecho, es com\u00fan que ello suceda. As\u00ed deber\u00eda ser, pues no existe ciencia sin error.<\/div>\n<div><\/div>\n<div class=\"_2cuy _3dgx _2vxa\">Lo que realmente debe ser valorado es que yo trabajo con datos verificables, no con meras suposiciones y especulaciones. Si tales datos (epigr\u00e1ficos, paleogr\u00e1ficos, ling\u00fc\u00edsticos, gen\u00e9ticos y arqueol\u00f3gicos) me llevan a tales hip\u00f3tesis de una relaci\u00f3n o parentesco entre los Atlantes y los pueblos Semitas (Asirios, Cananitas, Fenicios, Hebreos, etc.), defiendo esta relaci\u00f3n con la misma pasi\u00f3n que si me llevaran a pueblos europeos, africanos o asi\u00e1ticos, pues para mi lo verdaderamente importante es la b\u00fasqueda honesta de la verdad hist\u00f3rico-cient\u00edfica, est\u00e9 donde est\u00e9, sea cual sea y caiga quien caiga.<\/div>\n<div><\/div>\n<div class=\"_2cuy _3dgx _2vxa\">Aclarado lo anterior, hago un breve resumen, por puntos, de los datos -verificables por cualquiera- que me permiten establecer la relaci\u00f3n entre Atlantes y Semitas:<\/div>\n<div><\/div>\n<div class=\"_2cuy _3dgx _2vxa\"><span class=\"_4yxo\"><strong>1. La lengua de los Atlantes era afrasi\u00e1tica<\/strong>.<\/span> En cualquier caso, muy cercana a la familia de lenguas sem\u00edticas (Acadio, Asirio, Eblaita, Arameo, Amorrita, Ugar\u00edtico, Protocananeo, Fenicio, Hebreo, Moabita, Amonita, Edomita, etc.).<\/div>\n<div><\/div>\n<div class=\"_2cuy _3dgx _2vxa\">La evidencia es proporcionada en dos pasajes del Critias (Cri. 113 y 114), donde se expone el nombre de Gadeira como ejemplo del nombre ind\u00edgena, en lengua nativa, del segundo linaje real de Atlantis. El nombre se dice que significa \u00abel que tiene excelentes ganados de ovejas\u00bb, o \u00abel que es rico o afortunado en ovejas (o ganado menor, o sea, de ovejas, cabras, carneros)\u00bb. S\u00f3lo en lenguas sem\u00edticas se hallan tales definiciones para la ra\u00edz (GDR, GDYR, GDY) que componen el nombre que es transcrito siempre al griego como Gadeira, pero que los fenicios escrib\u00edan en las monedas de C\u00e1diz como &#8216;GDR.<\/div>\n<div><\/div>\n<div class=\"_2cuy _3dgx _2vxa\">Estamos ante un hecho. Aqu\u00ed no se trata de mera especulaci\u00f3n ni de mera suposici\u00f3n. La lengua de los Atlantes o era de la misma familia de lenguas sem\u00edticas o era Afrasi\u00e1tica, o sea, la Lengua Madre de todas las lenguas sem\u00edticas y hamito-camitas, entre las que se encuentran el l\u00edbico-bereber y el egipcio mismo, por ejemplo. No obstante, donde \u00fanico se halla la ra\u00edz de Gadeira (GDR, GDYR, GDY) con tales significados, seg\u00fan Sol\u00f3n, es en las lenguas sem\u00edticas, no en las hamito-camitas, ni en las lenguas \u00e1rabes o et\u00edopes.<\/div>\n<div><\/div>\n<div class=\"_2cuy _3dgx _2vxa\"><strong><span class=\"_4yxo\">2. Inscripciones en Escritura Lineal Pre-Tartessia (ELTAR) o Proto-Cananitas halladas en Iberia.<\/span><\/strong> He descubierto inscripciones (ELTAR o Proto-Cananitas) en varios puntos del Sur-Suroeste y Oeste de Iberia, cuyos textos o mensajes solo pueden leerse (con un m\u00ednimo de coherencia) desde lenguas sem\u00edticas. Algunas de estas inscripciones parecen remontar a tiempos del Calcol\u00edtico, y las m\u00e1s recientes (Edad del Bronce) parecen a\u00fan anteriores a las m\u00e1s antiguas Proto-Cananitas conocidas en el Asia Menor, datadas entre el 1500 y el 1200 AC.<\/div>\n<div><\/div>\n<div class=\"_2cuy _3dgx _2vxa\"><strong><span class=\"_4yxo\">3. Relaciones gen\u00e9ticas. <\/span><\/strong>Estudios recientes de Y-ADN y ADNmit demuestran que ya en el Neol\u00edtico exist\u00edan en el Suroeste de Iberia poblaciones con los mismos haplogrupos gen\u00e9ticos que los del Asia Menor y Cercano Oriente (\u00e1reas tradicionalmente habitadas, desde tiempos remotos, por pueblos semitas). A lo que podemos a\u00f1adir las recientes evidencias de identidad gen\u00e9tica entre un pr\u00edncipe o personaje importante de la nobleza cartaginesa y algunas poblaciones t\u00edpicas de la antigua Iberia (V\u00e9ase el post anterior).<\/div>\n<div><\/div>\n<div class=\"_2cuy _3dgx _2vxa\"><strong><span class=\"_4yxo\">4. Posible origen Atlante del S\u00edmbolo de la Menorah.<\/span> <\/strong>Aunque parto de datos, en este caso, de antiguas Menorahs o Proto-Menorahs representadas en contextos del Calcol\u00edtico o de la Edad del Bronce, pero anteriores a la Menorah m\u00e1s antigua conocida en el Asia Menor, acepto que es una hip\u00f3tesis que podr\u00eda ser tanto correcta como incorrecta, sobre todo para quien asuma que el hecho de que se hallen representaciones de Proto-Menorahs en Iberia (m\u00e1s antiguas que las del Asia Menor), y que justo la m\u00e1s antigua Menorah (aceptada por aque\u00f3logos jud\u00edos) se haya descubierto tambi\u00e9n en Ja\u00e9n, sea todo el producto de meras coincidencias fortuitas o simples casualidades.<\/div>\n<div><\/div>\n<div class=\"_2cuy _3dgx _2vxa\">Otra posible pista sobre el origen Atlante del S\u00edmbolo de la Menorah podr\u00eda hallarse en uno de los misterios sobre el simbolismo de la Menorah -a\u00fan no solucionado satisfactoriamente por los rabinos y te\u00f3logos del juda\u00edsmo- es la denominaci\u00f3n de la Menorah como \u00abMenorah Occidental, o del Occidente\u00bb, t\u00e9rmino que a veces era alternado (o citado a la par) con el de \u00abMenorah de Dios\u00bb.<\/div>\n<div><\/div>\n<div class=\"_2cuy _3dgx _2vxa\">Todas la hip\u00f3tesis giran en torno a que quiz\u00e1s era una referencia para solo uno de sus brazos o candiles, o bien porque la Menorah ocupaba una posici\u00f3n occidental dentro del Templo. Sin embargo, existen claras referencias sobre su ubicaci\u00f3n en la habitaci\u00f3n sacra central del Templo. En la habitaci\u00f3n sacra occidental se hallaba el Sancta Sanctorum, la c\u00e1mara m\u00e1s sagrada, pero no hay testimonio alguno de que se colocara en ella la Menorah, la cual es descrita en la habitaci\u00f3n sacra central.<\/div>\n<div><\/div>\n<div class=\"_2cuy _3dgx _2vxa\">\u00bfPodr\u00eda tal enigm\u00e1tica denominaci\u00f3n de \u00abMenorah Occidental o del Occidente\u00bb ser, precisamente, el recuerdo sagrado de una informaci\u00f3n (solo trasmitida entre sumos sacerdotes del Templo) del origen occidental de la misma, al menos simb\u00f3licamente en cuanto a lo que representa, un s\u00edmbolo Atlante de Ex Occidentis Lux?.<\/div>\n<div><\/div>\n<div class=\"_2cuy _3dgx _2vxa\"><strong><span class=\"_4yxo\">5. Referencias en la Tanaj.<\/span> <\/strong>He hallado referencias en la Tanaj (prefiero trabajar con los textos en hebreo por ser m\u00e1s fidedignos en este caso) que sin ninguna duda presentan a Tarshis (Tartessos) como una civilizaci\u00f3n Madre de Tiro. Literalmente se dice de Tiro: <span class=\"_4yxo\">\u05d1\u05b7\u05bc\u05ea\u05be \u05ea\u05b7\u05bc\u05e8\u05b0\u05e9\u05b4\u05c1\u0595\u05d9\u05e9\u05c1 <\/span>(ba\u1e6f-tar\u00b7\u0161\u00ee\u0161), \u00abHija de Tarshish\u00bb [(\u05d9\u05b6\u05e9\u05b7\u05e2\u05b8\u05d9\u05d4) 23:10]. Como es sabido, Tiro fue la m\u00e1s importante ciudad-estado del mundo fenicio, desde la que -seg\u00fan la historia acad\u00e9mica- los fenicios fundar\u00edan Gadeira y colonizar\u00edan el Sur y Suroeste de Iberia.<\/div>\n<div><\/div>\n<div class=\"_2cuy _3dgx _2vxa\">En los mismos pasajes se indica que Tiro es tambi\u00e9n \u00abhija de Sid\u00f3n\u00bb [(\u05d9\u05b6\u05e9\u05b7\u05e2\u05b8\u05d9\u05d4) 23:12]. Es decir, que Tiro (ciudad-estado s\u00edmbolo de los fenicios) ser\u00eda hija de Tarshis (Tartessos) y tambi\u00e9n de Sid\u00f3n, por tanto, una cultura mar\u00edtima y mercante que surgi\u00f3 de la uni\u00f3n de Tartessios y Sidonios. Esto es justo lo que nos muestra la arqueolog\u00eda de Tartessos, una civilizaci\u00f3n tartessio-fenicia. M\u00e1s adelante, <span class=\"_4yxo\">YHWH<\/span> sentencia c\u00f3mo Tiro, despu\u00e9s de cumplir un per\u00edodo de tiempo castigada, volver\u00e1 a resurgir como gran ciudad, pero esta vez todos sus mercados, todo su poder y gloria ser\u00e1n para el pueblo de los que adoran a <span class=\"_4yxo\">YHWH<\/span>.<\/div>\n<div><\/div>\n<div class=\"_2cuy _3dgx _2vxa\"><strong><span class=\"_4yxo\">6. Referencia de Silio It\u00e1lico.<\/span><\/strong> Por fuentes totalmente ajenas a los textos hebreos, Silio It\u00e1lico tambi\u00e9n vincula la realeza de Sid\u00f3n con una civilizaci\u00f3n Atl\u00e1ntica, que no podr\u00eda ser otra que la misma Atl\u00e1ntida (V\u00e9ase cap\u00edtulo sobre Silio It\u00e1lico en el Tomo I del Ep\u00edtome de la Atl\u00e1ntida Hist\u00f3rico-Cient\u00edfica, 2012). Y en cuanto a Tarshis (Tartessos), a la que personalmente considero como una civilizaci\u00f3n \u00abHija de Atlantis\u00bb, se dice de ella en la misma Tanaj: <span class=\"_4yxp\">\u00ab\u00bfEs \u00e9sta vuestra ciudad alegre cuyos d\u00edas se remontan a la antig\u00fcedad (\u00bftiempos de Atlantis?) y cuyos pies sol\u00edan llevarla a establecerse en remotos lugares?\u201d<\/span>.<\/div>\n<div><\/div>\n<div class=\"_2cuy _3dgx _2vxa\"><strong><span class=\"_4yxo\">7. La lengua de las estelas con escritura tartessia o sudlusitana parece ser Atlanto-Sem\u00edtica.<\/span><\/strong> Oficialmente, la lengua usada en estas estelas, que se considera ser\u00eda la lengua hablada por el pueblo de los tartessios, no ha sido a\u00fan descifrada. Las principales hip\u00f3tesis manejadas incluso en el mundo acad\u00e9mico es que ser\u00eda una lengua indoeuropea o c\u00e9ltica. Sin embargo, nadie lo ha demostrado con suficiente rigor hist\u00f3rico-cient\u00edfico. Nadie ha podido leer todas las estelas en base a ninguna lengua indoeuropea conocida sin recurrir a al m\u00e9todo forzado y poco cient\u00edfico de cambiar -seg\u00fan conveniencia- los valores fon\u00e9ticos de las letras y hasta omitir sonidos para hacer encajar las secuencias elegidas con voces c\u00e9lticas o griegas, por ejemplo. He logrado entenderlas a trav\u00e9s de lenguas sem\u00edticas, especialmente a trav\u00e9s del Arameo antiguo. He propuesto traducciones, respetando siempre las graf\u00edas y sus valores fon\u00e9ticos, sin quitar ni a\u00f1adir signos (sonidos) a conveniencia. Despu\u00e9s de probar con todas las lenguas de la antig\u00fcedad que pudieron llegar hasta la pen\u00ednsula ib\u00e9rica, la \u00fanica conclusi\u00f3n a la que he podido llegar es que la lengua usada en las estelas tartessias parecer ser predominantemente Aramea (lengua oficial del Imperio Asirio) y contiene no pocas voces del Acadio, que es la lengua sem\u00edtica m\u00e1s antigua documentada despu\u00e9s del Proto-Sem\u00edtico reconstruido.<\/div>\n<div><\/div>\n<div class=\"_2cuy _3dgx _2vxa\">Las mismas letras de la escritura tartessia se corresponden -en su mayor\u00eda- con el antiguo signario Paleo-Arameo usado en el Imperio Asirio-Babil\u00f3nico entre los siglos VIII y VI AC, la misma \u00e9poca en la que son datadas estas estelas por los arque\u00f3logos. Algunos signos de la escritura tartessia ya se hallaban exactamente iguales en el Proto-Cananita y en el ELTAR. Ahora bien, la lengua -aunque muy cercana al Arameo- parece m\u00e1s arcaica que esta al presentar ciertas voces acadias que despu\u00e9s fueron muy poco usadas o abandonadas en el Arameo imperial o cl\u00e1sico. Por lo anterior es que Simcha Jacobovici en el documental \u00abEl resurgir de la Atl\u00e1ntida\u00bb (Atlantis Rising), en la escena del Museo de Badajoz, hace breve menci\u00f3n de mi hip\u00f3tesis acerca de que la lengua de los tartesios pudiera ser el \u00faltimo testimonio escrito de la misma lengua que hablar\u00edan los Atlantes.<\/div>\n<div><\/div>\n<div class=\"_2cuy _3dgx _2vxa\">De hecho, en una de sus m\u00e1s significativas estelas se habla de la casa o linaje de los ATALEATE, una t\u00edpica forma plural sem\u00edtica que se entender\u00eda como ATALEATES o ATLATES, que no podr\u00edan ser otros que los mismos TLETES o ITLETES de Teopompo, que se dice eran los m\u00e1s antiguos habitantes de Iberia y que ten\u00edan su asiento principal en los confines de los Turdetanos, o sea, que est\u00e1 hablando de los mismos antepasados de los Tartessios.<\/div>\n<div><\/div>\n<div class=\"_2cuy _3dgx _2vxa\">Este linaje de los ATALEATE de la mencionada estela tartessia, sin duda ser\u00eda el de los mismos ATLUTU, escrito en un posible altar rupestre de la ciudad Calcolitica circular de Almendralejos, Badajoz. Los mismos habitantes de la ciudad circular conc\u00e9ntrica representada en el Barranco de El Toril, Ja\u00e9n, con el nombre de ATAL, ATALA o ATALATA (\u00bfATLANTIS?) escrito justo debajo, y que ser\u00eda la misma ATAL que aparece escrita en un hueso hallado en la Coru\u00f1a (datado en m\u00e1s de 6000 a\u00f1os) junto al mismo nombre de TARTE (no por casualidad la forma original reconstruida por los ling\u00fcistas del nombre de Tartessos) y que se exhibe en la colecci\u00f3n sobre Historia de la Escritura en la Biblioteca Nacional de Oslo, Noruega, con mi desciframiento en su ficha descriptiva.<\/div>\n<div><\/div>\n<div class=\"_2cuy _3dgx _2vxa\">Todo lo anterior se sustenta, adem\u00e1s, con inscripciones ELTAR o Proto-Cananitas como las de la Cueva de la Laja Alta, Jimena de la Frontera, C\u00e1diz (entre otras), donde los dos textos que aparecen escritos solo pueden ser traducidos -con un m\u00ednimo de coherencia- desde lenguas sem\u00edticas, y de nuevo, a trav\u00e9s de las lenguas usadas en el Imperio Asirio-Babil\u00f3nico, principalmente Arameo y Acadio. El mensaje de ambos textos parecen aludir al lugar del hundimiento de una isla (\u00bfAtlantis?) y a una divinidad de las aguas que fue representada esquem\u00e1ticamente cerca de dos s\u00edmbolos mar\u00edtimos t\u00edpicos del dios Poseid\u00f3n, el tridente y el tim\u00f3n-remo. \u00bfDe nuevo neras casualidades?.<\/div>\n<div><\/div>\n<div class=\"_2cuy _3dgx _2vxa\">Espero que este breve resumen os ayude a comprender un poco mejor la seriedad y rigor de mis hip\u00f3tesis sobre la posible relaci\u00f3n de parentesco entre los antiguos Atlantes y pueblos Semitas como los Fenicios, Arameos y Hebreos, entre otros, y como estas hip\u00f3tesis no surgen de la mera especulaci\u00f3n sin fundamento alguno ni de un mero capricho personal o preferencia ideol\u00f3gica de ninguna clase. Solo busco la verdad hist\u00f3rico-cient\u00edfica, est\u00e9 donde est\u00e9, sea cual sea y caiga quien caiga, aunque sean mis propias \u201cverdades\u201d las que caigan. Nunca he sido fan\u00e1tico de nada. Mucho menos de mis propias ideas.<\/div>\n<div><\/div>\n<h3 class=\"_2cuy _3dgx _2vxa\">\u00c9xito y valoraci\u00f3n del documental.<\/h3>\n<\/div>\n<\/div>\n<\/div>\n<div class=\"_4-u3\">\n<div class=\"_4lmi\">\n<div class=\"_39k5 _5s6c\">\n<div class=\"_2cuy _3dgx _2vxa\" style=\"text-align: justify;\">El \u00e9xito del documental (emiti\u00e9ndose, de momento, solo por los canales mundiales de National Geographic Channel) est\u00e1 resultando mucho mayor de lo esperado. M\u00e1s de un mill\u00f3n de espectadores tan solo el d\u00eda del estreno mundial en National Geographic Channel de Estados Unidos y la m\u00e1s alta valoraci\u00f3n (hasta la fecha) de todos los documentales de historia antigua producidos por James Cameron y Simcha Jacobovici. En un comunicado anterior Simcha Jacobovici me informaba y felicitaba por la gran audiencia del documental Atlantis Rising (El resurgir de la Atl\u00e1ntida para Espa\u00f1a), la cual super\u00f3 el mill\u00f3n de espectadores tan solo el d\u00eda de su estreno en Estados Unidos (29 de Enero de 2017) en National Geographic Channel.<\/div>\n<div>\n<div class=\"_h2x _h2y\">\n<p>&nbsp;<\/p>\n<p>Se estima que la audiencia actualmente ronda ya los 54 millones, entre todos los pa\u00edses donde ya se ha emitido, que aproximadamente son la mitad de los programados (171 pa\u00edses) para 2017 y 2018.<\/p>\n<\/div>\n<\/div>\n<div><\/div>\n<div class=\"_2cuy _3dgx _2vxa\" style=\"text-align: justify;\">En apenas unos pocos meses ha logrado situarse (seg\u00fan IMDb) como el documental con mayor valoraci\u00f3n (7,4) de los producidos por James Cameron sobre Historia Antigua y Ciencias del Mar, superando al pol\u00e9mico documental de 2006, \u201cEl \u00c9xodo Decodificado\u201d (7,0), dirigido por el mismo Simcha Jacobovici, y muy cerca ya de la supertaquillera producci\u00f3n cinematogr\u00e1fica de 1997, Titanic (7,7). Tambi\u00e9n ha superado las valoraciones m\u00e1s altas de todos los documentales de tem\u00e1tica hist\u00f3rico-arqueol\u00f3gica producidos y dirigidos por Simcha Jacobovici, solo igualado por la serie de documentales \u201cSecrets of Christianity\u201d, 2011.<\/div>\n<h3 class=\"_2cuy _50a1 _2vxa\" style=\"text-align: justify;\"><span class=\"_4yxo\">Art\u00edculos y posts relacionados:<\/span><\/h3>\n<div class=\"_2cuy _3dgx _2vxa\" style=\"text-align: justify;\">Puntualizaciones sobre la inscripci\u00f3n ATAL o ATALA del Barranco del El Toril, Ja\u00e9n: <a href=\"https:\/\/www.facebook.com\/georgeos.diazmontexano\/posts\/1388364837873353:0\">https:\/\/www.facebook.com\/georgeos.d&#8230;<\/a><\/div>\n<div class=\"_2cuy _3dgx _2vxa\" style=\"text-align: justify;\">\u00bfDescend\u00eda de Iberia parte de la \u00e9lite fenicia fundadora de Cartago?. Confirmaci\u00f3n de otra hip\u00f3tesis de Georgeos D\u00edaz-Montexano sobre la Atl\u00e1ntida y su posible descendencia tart\u00e9sico-afrasi\u00e1tica que ser\u00e1 expuesta, en parte, en el pr\u00f3ximo documental de National Geographic producido por James F. Cameron: <a href=\"https:\/\/www.facebook.com\/georgeos.diazmontexano\/photos\/a.663983696978141.1073741830.663817383661439\/1458777437498759\/\">https:\/\/www.facebook.com\/georgeos.d&#8230;<\/a><\/div>\n<div class=\"_2cuy _3dgx _2vxa\" style=\"text-align: justify;\">Escritura Lineal Proto-Tart\u00e9sica (ELTAR) o Proto-Cananita en el Arte Rupestre de Ja\u00e9n. Invocaci\u00f3n al dios Yahu \/ Poseid\u00f3n en la Cueva del Plato, Sierra Sur de Ja\u00e9n: <a href=\"https:\/\/www.facebook.com\/georgeos.diazmontexano\/photos\/a.663983696978141.1073741830.663817383661439\/1459107387465764\/\">https:\/\/www.facebook.com\/georgeos.d&#8230;<\/a><\/div>\n<div class=\"_2cuy _3dgx _2vxa\" style=\"text-align: justify;\">\u00bfEscritura Lineal Proto-Tart\u00e9sica (ELTAR) en petroglifos de Outeiro dos Lameiros, A Ramallosa, Baiona? Elefantes Atlantes y el dios Yahu \/ Poseid\u00f3n: <a href=\"https:\/\/www.facebook.com\/georgeos.diazmontexano\/photos\/a.663983696978141.1073741830.663817383661439\/1456308494412320\/\">https:\/\/www.facebook.com\/georgeos.d&#8230;<\/a><\/div>\n<div class=\"_2cuy _3dgx _2vxa\" style=\"text-align: justify;\">ATLANTIS-TARTESSOS Atlantis Project (2016-2017) II Parte \u2013 Georgeos D\u00edaz-Montexano para James Cameron, Simcha Jacobovici &amp; National Geographic: <a href=\"https:\/\/l.facebook.com\/l.php?u=http%3A%2F%2Fatlantisng.com%2Fblog%2Fatlantis-tartessos-atlantis-project-2016-2017-ii-parte-georgeos-diaz-montexano-para-james-cameron-simcha-jacobovici-national-geographic%2F&amp;h=ATMHh-3A_SClcKKGAy9tb35lzXl1g_0QeVhU8U35-COXORo0hw5NYlZcEMhb7RU2fnoIWcmgcH3ZAeSkzr6rTcdqREt5J3TX2U-lbLeo2MYJGosHA1rO5ECYwxQRrSHgpz3N&amp;s=1\" target=\"_blank\" rel=\"nofollow noopener noreferrer\">http:\/\/atlantisng.com\/blog\/atlantis&#8230;<\/a><\/div>\n<div class=\"_2cuy _3dgx _2vxa\" style=\"text-align: justify;\">Invocaci\u00f3n con signos lineales ELTAR y el dios Yahu (YHWH) en una cueva con Arte Rupestre de Extremadura: <a href=\"https:\/\/l.facebook.com\/l.php?u=http%3A%2F%2Fatlantisng.com%2Fblog%2Finvocacion-con-signos-lineales-eltar-y-el-dios-yahu-yhwh-en-una-cueva-con-arte-rupestre-de-extremadura%2F&amp;h=ATPjwJ3mLZnSn6oenzFTOTTKrvg2C-kai5ZcTNp4GXznn61InV4d4dZT1DMXqfgZpJsbrRFLKLQx9RpvJ66FEL8IgQggMbixMOgxfEnhpW8BxLdd7tCBkXTmDr--E8a9IY0K&amp;s=1\" target=\"_blank\" rel=\"nofollow noopener noreferrer\">http:\/\/atlantisng.com\/blog\/invocaci&#8230;<\/a><\/div>\n<div class=\"_2cuy _3dgx _2vxa\" style=\"text-align: justify;\">LA GRAN ANTIG\u00dcEDAD DE LA ESCRITURA EN IBERIA\u2026. Los m\u00e1s antiguos Libros de Historia y Poes\u00eda, y las m\u00e1s antiguas Leyes de la humanidad: <a href=\"https:\/\/l.facebook.com\/l.php?u=http%3A%2F%2Fatlantisng.com%2Fblog%2Fla-gran-antiguedad-de-la-escritura-en-iberia-georgeos-diaz-montexano%2F&amp;h=ATOCLG6u5JW5s5_flcPgUlUtiodzYfZLaI6ZVWxjYOhScQgYjulKS9U2YdP1z6Mx5fpyhVsWqlrleK4isMVGMUxnkXnSeTz_q7wq_g0JipqEL0qZDS9UauoGsylvbG5M01EO&amp;s=1\" target=\"_blank\" rel=\"nofollow noopener noreferrer\">http:\/\/atlantisng.com\/blog\/la-gran-&#8230;<\/a><\/div>\n<div class=\"_2cuy _3dgx _2vxa\" style=\"text-align: justify;\">Nueva evidencia de Antigua Escritura Lineal Neol\u00edtica en un dolmen de Extremadura. Sorprendente descubrimiento de placas de pizarra con signos e inscripciones en Escritura Lineal (ELPA o ELTAR) en la excavaci\u00f3n arqueol\u00f3gica de un dolmen de Extremadura: <a href=\"https:\/\/l.facebook.com\/l.php?u=http%3A%2F%2Fatlantisng.com%2Fblog%2Fnueva-evidencia-de-antigua-escritura-lineal-neolitica-en-un-dolmen-de-extremadura%2F&amp;h=ATPCs9TJ6CXzN2zXjHw9u3Kis87tf4UIyvnQ_oW4stPCx2uMbylxS21YQLQkVduaGL1KxMHR3lIxFpSn8ZMgh-k0kUCjoHsXrBXB___uedaz8WG-Z4udIc9JQUkbUMgQOQVV&amp;s=1\" target=\"_blank\" rel=\"nofollow noopener noreferrer\">http:\/\/atlantisng.com\/blog\/nueva-ev&#8230;<\/a><\/div>\n<div style=\"text-align: justify;\"><a href=\"https:\/\/l.facebook.com\/l.php?u=http%3A%2F%2Fwww.imdb.com%2Ftitle%2Ftt6467274%2F&amp;h=ATP0-zalSc4LE_chN-4J7vBuPCZjv-slIpSLloFIMB2pw2fB4Jo2A7MqTFhdLk29AtUSxi4AQJuwiKvLr3_POScVfI0dT22afeYAglKyVBur31BwbADmmqT9iAP7c2BtemG_MA\" target=\"_blank\" rel=\"noopener noreferrer\" data-lynx-mode=\"asynclazy\">Atlantis Rising<\/a> (2017) \u2013 <a href=\"http:\/\/www.imdb.com\/title\/tt6467274\/\" target=\"_blank\" rel=\"noopener noreferrer\" data-lynx-mode=\"asynclazy\" data-lynx-uri=\"https:\/\/l.facebook.com\/l.php?u=http%3A%2F%2Fwww.imdb.com%2Ftitle%2Ftt6467274%2F&amp;h=ATNw6wgszPZB3mo9GxVL2XPIQJt8p58w825H5Sqo1JJ8v1txqHRfEb6n0gaowxsmYfSwPIiNwSbqlsEy4dEIJ8i1zHSzrUkZMvt4If2pncDd8L2fnqbcg0K3GEsFaV9h3l_X7g\">IMDb<br \/>\n<\/a><\/div>\n<\/div>\n<\/div>\n<\/div>\n<\/div>\n<\/div>\n<\/div>\n<\/div>\n<\/div>\n<p>&nbsp;<\/p>\n<div id=\"wayfinding-breadcrumbs_container\" class=\"a-section a-spacing-none a-padding-medium\">\n<div id=\"wayfinding-breadcrumbs_feature_div\" class=\"a-subheader a-breadcrumb feature\" data-feature-name=\"wayfinding-breadcrumbs\">\n<p><img decoding=\"async\" id=\"ebooksSitbLogoImg\" class=\"litb-on-click\" src=\"https:\/\/images-na.ssl-images-amazon.com\/images\/G\/30\/digital\/sitb\/sticker\/sitb-sticker-v3-xsmall._CB333899435_.png\" alt=\"Mirar en el interior de este libro.\" \/><\/p>\n<\/div>\n<\/div>\n<div id=\"dp-container\" class=\"a-container\">\n<div id=\"imageBlockNew_feature_div\" class=\"feature\" data-feature-name=\"imageBlockNew\">\n<div id=\"ebooksImageBlockOuter\" class=\"a-row\">\n<div id=\"ebooksImageBlock\" class=\"a-row\">\n<div id=\"ebooksImageBlockContainer\" class=\"a-row a-grid-vertical-align a-grid-center maintain-height\">\n<div id=\"ebooks-main-image-container\" class=\"a-column a-span12 a-text-center maintain-height a-span-last\">\n<div id=\"ebooks-img-wrapper\" class=\"a-section maintain-height\">\n<div id=\"ebooks-img-canvas\" class=\"a-section image-2d clickableImage\"><img fetchpriority=\"high\" decoding=\"async\" id=\"ebooksImgBlkFront\" class=\"a-dynamic-image frontImage alignleft\" src=\"https:\/\/images-eu.ssl-images-amazon.com\/images\/I\/51FrYB1nZXL.jpg\" alt=\"ATLANTIS.NG National Geographic y la b\u00fasqueda cient\u00edfica de la Atl\u00e1ntida: Localizaci\u00f3n y antig\u00fcedad de la legendaria civilizaci\u00f3n de Atlantis desde las ... (Atlantolog\u00eda Hist\u00f3rico-Cient\u00edfica n\u00ba 9) de [D\u00edaz-Montexano, Georgeos]\" width=\"345\" height=\"500\" data-a-image-name=\"ebooksImageBlockFront\" data-a-dynamic-image=\"{&quot;https:\/\/images-eu.ssl-images-amazon.com\/images\/I\/51FrYB1nZXL.jpg&quot;:[345,500],&quot;https:\/\/images-eu.ssl-images-amazon.com\/images\/I\/51FrYB1nZXL._SY346_.jpg&quot;:[239,346]}\" data-a-manual-replacement=\"true\" \/><\/div>\n<\/div>\n<\/div>\n<\/div>\n<\/div>\n<\/div>\n<\/div>\n<h2 id=\"leftCol\">ATLANTIS.NG<\/h2>\n<h2>National Geographic y la b\u00fasqueda cient\u00edfica de la Atl\u00e1ntida.<\/h2>\n<\/div>\n<h3>Localizaci\u00f3n y antig\u00fcedad de la legendaria civilizaci\u00f3n de Atlantis desde las fuentes cl\u00e1sicas, egipcias, tartessias y calcol\u00edticas.<\/h3>\n<div>(Atlantolog\u00eda Hist\u00f3rico-Cient\u00edfica n\u00ba 9) Versi\u00f3n Kindle por Georgeos D\u00edaz-Montexano\u00a0(Autor) y\u00a0<img decoding=\"async\" src=\"http:\/\/atlantisng.com\/blog\/wp-content\/uploads\/2018\/06\/FireShot-Capture-023-Editar-entrada-%E2%80%B9-ATLANTIS.NG_._-http___atlantisng.com_blog_wp-admin_post.php_.jpg\" width=\"88\" height=\"16\" \/> (Ilustradora).<\/div>\n<h1 align=\"justify\"><strong>Art\u00edculos relacionados:\u00a0<\/strong><\/h1>\n<blockquote class=\"wp-embedded-content\" data-secret=\"UkS7lU01hx\"><p><a href=\"https:\/\/atlantisng.com\/blog\/escritura-lineal-proto-tartesica-eltar-en-petroglifos-de-outeiro-dos-lameiros-a-ramallosa-baiona-elefantes-atlantes-y-el-dios-yahu-poseidon\/\">\u00bfEscritura Lineal Proto-Tart\u00e9sica (ELTAR) en petroglifos de Outeiro dos Lameiros, A Ramallosa, Baiona? Elefantes Atlantes y el dios Yahu \/ Poseid\u00f3n.<\/a><\/p><\/blockquote>\n<p><iframe class=\"wp-embedded-content\" sandbox=\"allow-scripts\" security=\"restricted\" style=\"position: absolute; clip: rect(1px, 1px, 1px, 1px);\" title=\"\u00ab\u00bfEscritura Lineal Proto-Tart\u00e9sica (ELTAR) en petroglifos de Outeiro dos Lameiros, A Ramallosa, Baiona? Elefantes Atlantes y el dios Yahu \/ Poseid\u00f3n.\u00bb \u2014 La Atl\u00e1ntida Hist\u00f3rica\" src=\"https:\/\/atlantisng.com\/blog\/escritura-lineal-proto-tartesica-eltar-en-petroglifos-de-outeiro-dos-lameiros-a-ramallosa-baiona-elefantes-atlantes-y-el-dios-yahu-poseidon\/embed\/#?secret=z25esDsf8X#?secret=UkS7lU01hx\" data-secret=\"UkS7lU01hx\" width=\"600\" height=\"338\" frameborder=\"0\" marginwidth=\"0\" marginheight=\"0\" scrolling=\"no\"><\/iframe><\/p>\n<blockquote class=\"wp-embedded-content\" data-secret=\"6tO4R9rn6x\"><p><a href=\"https:\/\/atlantisng.com\/blog\/en-iberia-se-construyeron-los-primeros-barcos-a-vela-del-mundo\/\">En Iberia se construyeron los primeros barcos a vela del mundo.<\/a><\/p><\/blockquote>\n<p><iframe class=\"wp-embedded-content\" sandbox=\"allow-scripts\" security=\"restricted\" style=\"position: absolute; clip: rect(1px, 1px, 1px, 1px);\" title=\"\u00abEn Iberia se construyeron los primeros barcos a vela del mundo.\u00bb \u2014 La Atl\u00e1ntida Hist\u00f3rica\" src=\"https:\/\/atlantisng.com\/blog\/en-iberia-se-construyeron-los-primeros-barcos-a-vela-del-mundo\/embed\/#?secret=sfJGznp3LT#?secret=6tO4R9rn6x\" data-secret=\"6tO4R9rn6x\" width=\"600\" height=\"338\" frameborder=\"0\" marginwidth=\"0\" marginheight=\"0\" scrolling=\"no\"><\/iframe><\/p>\n<blockquote class=\"wp-embedded-content\" data-secret=\"hS2Qu37dfe\"><p><a href=\"https:\/\/atlantisng.com\/blog\/el-pre-tartesico-dios-poseidon-de-jimena-de-la-frontera-cadiz\/\">El pre-tart\u00e9sico dios Poseid\u00f3n de Jimena de la Frontera, C\u00e1diz.<\/a><\/p><\/blockquote>\n<p><iframe class=\"wp-embedded-content\" sandbox=\"allow-scripts\" security=\"restricted\" style=\"position: absolute; clip: rect(1px, 1px, 1px, 1px);\" title=\"\u00abEl pre-tart\u00e9sico dios Poseid\u00f3n de Jimena de la Frontera, C\u00e1diz.\u00bb \u2014 La Atl\u00e1ntida Hist\u00f3rica\" src=\"https:\/\/atlantisng.com\/blog\/el-pre-tartesico-dios-poseidon-de-jimena-de-la-frontera-cadiz\/embed\/#?secret=NMGTUGSuPu#?secret=hS2Qu37dfe\" data-secret=\"hS2Qu37dfe\" width=\"600\" height=\"338\" frameborder=\"0\" marginwidth=\"0\" marginheight=\"0\" scrolling=\"no\"><\/iframe><\/p>\n<blockquote class=\"wp-embedded-content\" data-secret=\"2np3gjr42c\"><p><a href=\"https:\/\/atlantisng.com\/blog\/nueva-hipotesis-semitico-tartesica-sobre-el-origen-del-nombre-de-espana-2\/\">Nueva hip\u00f3tesis sem\u00edtico-tart\u00e9sica sobre el origen del nombre de Espa\u00f1a.<\/a><\/p><\/blockquote>\n<p><iframe class=\"wp-embedded-content\" sandbox=\"allow-scripts\" security=\"restricted\" style=\"position: absolute; clip: rect(1px, 1px, 1px, 1px);\" title=\"\u00abNueva hip\u00f3tesis sem\u00edtico-tart\u00e9sica sobre el origen del nombre de Espa\u00f1a.\u00bb \u2014 La Atl\u00e1ntida Hist\u00f3rica\" src=\"https:\/\/atlantisng.com\/blog\/nueva-hipotesis-semitico-tartesica-sobre-el-origen-del-nombre-de-espana-2\/embed\/#?secret=vDKyi895oE#?secret=2np3gjr42c\" data-secret=\"2np3gjr42c\" width=\"600\" height=\"338\" frameborder=\"0\" marginwidth=\"0\" marginheight=\"0\" scrolling=\"no\"><\/iframe><\/p>\n<blockquote class=\"wp-embedded-content\" data-secret=\"y4ISKm9GvR\"><p><a href=\"https:\/\/atlantisng.com\/blog\/invocacion-con-signos-lineales-eltar-y-el-dios-yahu-yhwh-en-una-cueva-con-arte-rupestre-de-extremadura\/\">Invocaci\u00f3n con signos lineales ELTAR y el dios Yahu (YHWH) en una cueva con Arte Rupestre de Extremadura.<\/a><\/p><\/blockquote>\n<p><iframe class=\"wp-embedded-content\" sandbox=\"allow-scripts\" security=\"restricted\" style=\"position: absolute; clip: rect(1px, 1px, 1px, 1px);\" title=\"\u00abInvocaci\u00f3n con signos lineales ELTAR y el dios Yahu (YHWH) en una cueva con Arte Rupestre de Extremadura.\u00bb \u2014 La Atl\u00e1ntida Hist\u00f3rica\" src=\"https:\/\/atlantisng.com\/blog\/invocacion-con-signos-lineales-eltar-y-el-dios-yahu-yhwh-en-una-cueva-con-arte-rupestre-de-extremadura\/embed\/#?secret=ZeVY5QzlDg#?secret=y4ISKm9GvR\" data-secret=\"y4ISKm9GvR\" width=\"600\" height=\"338\" frameborder=\"0\" marginwidth=\"0\" marginheight=\"0\" scrolling=\"no\"><\/iframe><\/p>\n<blockquote class=\"wp-embedded-content\" data-secret=\"n3SlLUW3Ea\"><p><a href=\"https:\/\/atlantisng.com\/blog\/la-gran-antiguedad-de-la-escritura-en-iberia-georgeos-diaz-montexano\/\">ESTRAB\u00d3N, ASCLEPIADES Y LA GRAN ANTIG\u00dcEDAD DE LA ESCRITURA EN IBERIA.<\/a><\/p><\/blockquote>\n<p><iframe class=\"wp-embedded-content\" sandbox=\"allow-scripts\" security=\"restricted\" style=\"position: absolute; clip: rect(1px, 1px, 1px, 1px);\" title=\"\u00abESTRAB\u00d3N, ASCLEPIADES Y LA GRAN ANTIG\u00dcEDAD DE LA ESCRITURA EN IBERIA.\u00bb \u2014 La Atl\u00e1ntida Hist\u00f3rica\" src=\"https:\/\/atlantisng.com\/blog\/la-gran-antiguedad-de-la-escritura-en-iberia-georgeos-diaz-montexano\/embed\/#?secret=7GAJce4Lbg#?secret=n3SlLUW3Ea\" data-secret=\"n3SlLUW3Ea\" width=\"600\" height=\"338\" frameborder=\"0\" marginwidth=\"0\" marginheight=\"0\" scrolling=\"no\"><\/iframe><\/p>\n<blockquote class=\"wp-embedded-content\" data-secret=\"c4Dns3t3oc\"><p><a href=\"https:\/\/atlantisng.com\/blog\/nueva-evidencia-de-antigua-escritura-lineal-neolitica-en-un-dolmen-de-extremadura\/\">Nueva evidencia de Antigua Escritura Lineal Neol\u00edtica en un dolmen de Extremadura<\/a><\/p><\/blockquote>\n<p><iframe class=\"wp-embedded-content\" sandbox=\"allow-scripts\" security=\"restricted\" style=\"position: absolute; clip: rect(1px, 1px, 1px, 1px);\" title=\"\u00abNueva evidencia de Antigua Escritura Lineal Neol\u00edtica en un dolmen de Extremadura\u00bb \u2014 La Atl\u00e1ntida Hist\u00f3rica\" src=\"https:\/\/atlantisng.com\/blog\/nueva-evidencia-de-antigua-escritura-lineal-neolitica-en-un-dolmen-de-extremadura\/embed\/#?secret=p78urM1xuQ#?secret=c4Dns3t3oc\" data-secret=\"c4Dns3t3oc\" width=\"600\" height=\"338\" frameborder=\"0\" marginwidth=\"0\" marginheight=\"0\" scrolling=\"no\"><\/iframe><\/p>\n<p>&nbsp;<\/p>\n<p>&nbsp;<\/p>\n","protected":false},"excerpt":{"rendered":"<p>Foto: Georgeos D\u00edaz-Montexano y Simcha Jacobovici (izquierda) en el Barranco de El Toril, Ot\u00ed\u00f1ar, Ja\u00e9n, frente a una posible Proto-Menorah del Calcol\u00edtico y otros s\u00edmbolos de Atlantis. &hellip; <\/p>\n","protected":false},"author":1,"featured_media":4415,"comment_status":"open","ping_status":"open","sticky":false,"template":"","format":"standard","meta":{"cybocfi_hide_featured_image":"","footnotes":""},"categories":[2,4,5,7,11],"tags":[171,222,244,254,273,276,330,338,341,465,474,493,496,499,644,670,774,801,842,865,923,993,995,1061,1146,1177,1178,1329,1344,1371,1484,1485,1783,1801,1808,1872,1897,2008,2060,2245,2246,2248,2264,2436],"class_list":["post-4414","post","type-post","status-publish","format-standard","has-post-thumbnail","hentry","category-antiguas-civilizaciones","category-articulos","category-atlantologia-historico-cientifica","category-escriptologia","category-tartessos","tag-andalucia","tag-arameo","tag-arios","tag-arqueologia","tag-arte-rupestre","tag-articulos","tag-atlantida","tag-atlantis","tag-atlantologia","tag-cadiz","tag-calcolitico","tag-canaan","tag-cananeas","tag-cananitas","tag-critias","tag-cueva-del-plato","tag-edad-del-bronce","tag-el-resurgir-de-la-atlantida","tag-epigrafia","tag-escriptologia","tag-etimologia","tag-fenicias","tag-fenicios","tag-georgeos-diaz","tag-hebreo","tag-hipotesis","tag-hispania","tag-ispania","tag-jaen","tag-jimena-de-la-frontera","tag-lenguas-semitas","tag-lenguas-semiticas","tag-neolitico","tag-nombre","tag-noticias","tag-origen","tag-otinar","tag-platon","tag-proto-cananita","tag-semitas","tag-semiticas","tag-semiticos","tag-sierra-sur-de-jaen","tag-timeo"],"_links":{"self":[{"href":"https:\/\/atlantisng.com\/blog\/wp-json\/wp\/v2\/posts\/4414","targetHints":{"allow":["GET"]}}],"collection":[{"href":"https:\/\/atlantisng.com\/blog\/wp-json\/wp\/v2\/posts"}],"about":[{"href":"https:\/\/atlantisng.com\/blog\/wp-json\/wp\/v2\/types\/post"}],"author":[{"embeddable":true,"href":"https:\/\/atlantisng.com\/blog\/wp-json\/wp\/v2\/users\/1"}],"replies":[{"embeddable":true,"href":"https:\/\/atlantisng.com\/blog\/wp-json\/wp\/v2\/comments?post=4414"}],"version-history":[{"count":2,"href":"https:\/\/atlantisng.com\/blog\/wp-json\/wp\/v2\/posts\/4414\/revisions"}],"predecessor-version":[{"id":15628,"href":"https:\/\/atlantisng.com\/blog\/wp-json\/wp\/v2\/posts\/4414\/revisions\/15628"}],"wp:attachment":[{"href":"https:\/\/atlantisng.com\/blog\/wp-json\/wp\/v2\/media?parent=4414"}],"wp:term":[{"taxonomy":"category","embeddable":true,"href":"https:\/\/atlantisng.com\/blog\/wp-json\/wp\/v2\/categories?post=4414"},{"taxonomy":"post_tag","embeddable":true,"href":"https:\/\/atlantisng.com\/blog\/wp-json\/wp\/v2\/tags?post=4414"}],"curies":[{"name":"wp","href":"https:\/\/api.w.org\/{rel}","templated":true}]}}