{"id":4641,"date":"2017-03-18T12:20:09","date_gmt":"2017-03-18T11:20:09","guid":{"rendered":"http:\/\/atlantisng.com\/blog\/?p=4641"},"modified":"2022-05-16T01:43:26","modified_gmt":"2022-05-16T01:43:26","slug":"lo-que-piensan-algunos-profesionales-sobre-el-documental-el-resurgir-de-la-atlantida-de-james-cameron-y-simcha-jacobovici-para-national-geographic","status":"publish","type":"post","link":"https:\/\/atlantisng.com\/blog\/lo-que-piensan-algunos-profesionales-sobre-el-documental-el-resurgir-de-la-atlantida-de-james-cameron-y-simcha-jacobovici-para-national-geographic\/","title":{"rendered":"Lo que piensan algunos profesionales sobre el documental \u201cEl resurgir de la Atl\u00e1ntida\u201d de James Cameron y Simcha Jacobovici para National Geographic."},"content":{"rendered":"<div class=\"_li\">\n<div id=\"globalContainer\" class=\"uiContextualLayerParent\">\n<div id=\"content\" class=\"fb_content clearfix \">\n<div class=\"_5i8q\">\n<div class=\"_4-u2 _4-u8\">\n<div class=\"_4-u3\">\n<div class=\"_4lmi\">\n<div class=\"_39k5 _5s6c\">\n<div data-contents=\"true\">\n<div class=\"\" data-block=\"true\" data-editor=\"cviri\" data-offset-key=\"f1vic-0-0\">\n<div style=\"text-align: center;\"><a href=\"https:\/\/atlantisng.com\/blog\/wp-content\/uploads\/2020\/05\/17973657_1425811717461998_8799824790968719754_o.jpg\"><img fetchpriority=\"high\" decoding=\"async\" class=\"aligncenter wp-image-9105 size-large\" src=\"https:\/\/atlantisng.com\/blog\/wp-content\/uploads\/2020\/05\/17973657_1425811717461998_8799824790968719754_o-1024x576.jpg\" alt=\"El resurgir de la Atl\u00e1ntida (Atlantis Rising)\" width=\"1024\" height=\"576\" srcset=\"https:\/\/atlantisng.com\/blog\/wp-content\/uploads\/2020\/05\/17973657_1425811717461998_8799824790968719754_o-1024x576.jpg 1024w, https:\/\/atlantisng.com\/blog\/wp-content\/uploads\/2020\/05\/17973657_1425811717461998_8799824790968719754_o-300x169.jpg 300w, https:\/\/atlantisng.com\/blog\/wp-content\/uploads\/2020\/05\/17973657_1425811717461998_8799824790968719754_o-768x432.jpg 768w, https:\/\/atlantisng.com\/blog\/wp-content\/uploads\/2020\/05\/17973657_1425811717461998_8799824790968719754_o-1536x864.jpg 1536w, https:\/\/atlantisng.com\/blog\/wp-content\/uploads\/2020\/05\/17973657_1425811717461998_8799824790968719754_o.jpg 1600w\" sizes=\"(max-width: 1024px) 100vw, 1024px\" \/><\/a><\/div>\n<div id=\"u_0_l\" class=\"_3_s0 _1toe _3_s1 _3_s1 uiBoxGray noborder\" data-testid=\"ax-navigation-menubar\">\n<div class=\"_608m\">\n<div><\/div>\n<div class=\"lfloat\" style=\"text-align: justify;\"><em><strong><span class=\"_4yxo _4yxp\">Resumen de algunas valoraciones positivas de profesionales de las Ciencias Sociales y Ciencias Naturales sobre el documental \u201cEl resurgir de la Atl\u00e1ntida\u201d (Atlantis Rising), producido en 2016 por James F. Cameron, Yaron Niski y Felix Golubev et alii para National Geographic, 2017 (con guion para Iberia y el Atl\u00e1ntico basado en las investigaciones de Georgeos D\u00edaz-Montexano), y dirigido por el varias veces premio Enmy, Simcha Jacobovici.<\/span><\/strong><\/em><\/div>\n<div>\n<hr \/>\n<\/div>\n<\/div>\n<\/div>\n<div id=\"globalContainer\" class=\"uiContextualLayerParent\">\n<div id=\"content\" class=\"fb_content clearfix \" role=\"main\">\n<div class=\"_5i8q\">\n<div class=\"_4-u2 _4-u8\">\n<div class=\"_4-u3\">\n<div class=\"_4lmi\">\n<div class=\"_39k5 _5s6c\">\n<h1>\u00abEl resurgir de la Atl\u00e1ntida\u00bb de National Geographic, un documental cient\u00edfico de alto valor hist\u00f3rico y geol\u00f3gico.<\/h1>\n<div class=\"_2cuy _3dgx _2vxa\" style=\"text-align: justify;\"><em><span class=\"_4yxp\"><a href=\"http:\/\/atlantisng.com\/blog\/wp-content\/uploads\/2017\/03\/Captura-de-pantalla_2017-09-19_15-49-55.png\"><img decoding=\"async\" class=\"alignleft wp-image-4654\" src=\"http:\/\/atlantisng.com\/blog\/wp-content\/uploads\/2017\/03\/Captura-de-pantalla_2017-09-19_15-49-55-200x200.png\" alt=\"Dr. Antonio Daza.\" width=\"120\" height=\"120\" \/><\/a>Por Dr. Antonio Daza S\u00e1nchez. Profesor Titular, \u00c1rea \u201cIngenier\u00eda del Terreno\u201d, Departamento de Mec\u00e1nica de Universidad de C\u00f3rdoba. Acad\u00e9mico de la Real Academia de C\u00f3rdoba.<\/span><\/em><\/div>\n<div><\/div>\n<div class=\"_2cuy _3dgx _2vxa\" style=\"text-align: justify;\">Hace casi tres d\u00e9cadas realic\u00e9 un estudio geot\u00e9cnico de la zona litoral de Conil-El Palmar de Vejer-Barbate, donde se descubri\u00f3 la existencia de un acu\u00edfero libre de agua dulce debajo del mar en todo el golfo de C\u00e1diz. Tambi\u00e9n se puede observar en documentaci\u00f3n neotect\u00f3nica del Instituto Geogr\u00e1fico Nacional que la falla transformante de las Azores-Estrecho de Gibraltar se abre desde el SW de forma continua con las fallas sinestrales de Plasencia y del Guadalquivir, y las fallas dextrales NW-SE reactivadas de las antiguas Variscas, todas son estructuras activas por el empuje de la placa Africana sobre la placa andaluza-europea que presenta un desplazamiento continuo anual hacia el Norte de m\u00e1s de 20 mm, medidos por la red de posicionamiento europea EUREF y por la red de posicionamiento de Andaluc\u00eda RAP (<a href=\"https:\/\/l.facebook.com\/l.php?u=http%3A%2F%2Fwww.rap.uca.es%2F&amp;h=ATNjkPUofwdSJS1-degehGMVZsJNLCXGOfhwqRWBFHzLliupdEqxaKY87DVOaDm6SAmEgUPaB0ZkMBbZP7LoW6QNETzWqQWcxYzicbg4BGTn50i5YQsm1C5am6zxxY4_XDW_FA\" target=\"_blank\" rel=\"noopener noreferrer\" data-lynx-mode=\"asynclazy\"><span class=\"_4yxr\">www.rap.uca.es<\/span><\/a>).<\/div>\n<div><\/div>\n<div class=\"_2cuy _3dgx _2vxa\" style=\"text-align: justify;\">Lo anterior, sumado a los importantes terremotos de 1504 de Carmona, 1680 de M\u00e1laga, con 7,4 Richter, 1755, Huelva-Lisboa, de 8,7 Richter y el de 1884 de Granada de 6,7 Richter, produjeron tsunamis que afectaron a la costa andaluza, <span class=\"_4yxo _4yxp\">hace m\u00e1s que probable, correcta, la hip\u00f3tesis que Georgeos D\u00edaz-Montexano viene argumentando desde hace ya casi tres d\u00e9cadas, y que ha sido escuetamente mostrada al mundo en el reciente documental, \u201cEl Resurgir de la Atl\u00e1ntida\u201d, producido por James Cameron y Simcha Jacobovici, entre otros, para National Geographic, acerca del posicionamiento de una posible isla como la de la Atl\u00e1ntida en las proximidades del Golfo de C\u00e1diz o en una amplia regi\u00f3n costera que un gran se\u00edsmo con licuefacci\u00f3n del suelo y posterior tsunami en tiempos de Calcol\u00edtico o del Bronce pudo destruir; al menos a su legendaria capital. <\/span>Tambi\u00e9n parece correcto lo que se argumenta de que tal cultura mar\u00edtima atl\u00e1ntica debi\u00f3 continuar durante la Edad del Bronce con Tartessos, y posteriormente durante la Edad del Hierro, desde hace unos 3000 a\u00f1os y hasta la \u00e9poca romana, al menos entre los r\u00edos Guadalquivir y Guadiana. Siendo entonces conocida como Turdetana o T\u00fardula.<\/div>\n<div><\/div>\n<div class=\"_2cuy _3dgx _2vxa\" style=\"text-align: justify;\"><span class=\"_4yxo _4yxp\">Considero que las hip\u00f3tesis someramente argumentadas en el documental televisivo sobre la Atl\u00e1ntida de James Cameron, que actualmente se emite en numerosos pa\u00edses a trav\u00e9s de National Geographic, a pesar del poco tiempo destinado a las mismas, t\u00edpico en tales documentales, pueden ser consideradas como de alto valor cient\u00edfico y t\u00e9cnico, no solo desde el punto de vista geol\u00f3gico y sismol\u00f3gico sino tambi\u00e9n hist\u00f3rico y arqueol\u00f3gico.<\/span> Las evidencias arqueol\u00f3gicas de Andaluc\u00eda y Extremadura mostradas en el documental, desde las Estelas de Guerrero del Museo de Badajoz y los petroglifos de Campanario, que parecen relatar un evento s\u00edsmico y tsun\u00e1mico que destruye una posible ciudad circular conc\u00e9ntrica, ahogando animales tales como caballos y toros (tal como se puede ver en las publicaciones de D\u00edaz-Montexano y de los arque\u00f3logos que hicieron los primeros calcos) y hundiendo al menos unos tres barcos, aunque en el documental solo se muestra uno, hasta la escena portuaria con los barcos de remos y velas m\u00e1s antiguos del mundo de la Cueva de Laja Alta de Jimena de la Frontera, datados en unos seis mil a\u00f1os por colegas de la Universidad de Granada, y que evidencian la existencia en estos parajes del occidente de una antiqu\u00edsima alta civilizaci\u00f3n mar\u00edtima, as\u00ed como el sorprendente asentamiento con trazado circular conc\u00e9ntrico similar al de la capital de la Atl\u00e1ntida de Marroqu\u00edes Bajos, la Antigua Ja\u00e9n, y la hip\u00f3tesis de Do\u00f1ana, entre otras de Andaluc\u00eda y Extremadura, <span class=\"_4yxo _4yxp\">convierten a este documental en una verdadera fuente de inspiraci\u00f3n cient\u00edfica geol\u00f3gica, hist\u00f3rica y arqueol\u00f3gica sin precedentes. <\/span><\/div>\n<div><\/div>\n<div class=\"_2cuy _3dgx _2vxa\" style=\"text-align: justify;\">El documental me hace reflexionar tambi\u00e9n sobre la poco conocida a\u00fan cultura minera de Tartessos que ya exist\u00eda al menos desde el Calcolitico. <span class=\"_4yxo _4yxp\">Por todo lo anterior y m\u00e1s, que de momento me dejo en el tintero, considero que este documental representa un gran avance en el despertar del conocimiento de esta primitiva cultura mar\u00edtima atl\u00e1ntica, que como viene defendiendo Georgeos D\u00edaz-Montexano desde hace d\u00e9cadas, bien podr\u00eda ser la misma civilizaci\u00f3n mar\u00edtima de la Atl\u00e1ntida descrita por Sol\u00f3n, seg\u00fan fuentes egipcias.<\/span> Una cultura mar\u00edtima que teniendo sus ra\u00edces en el Neol\u00edtico y la cultura megal\u00edtica contin\u00faa en el Calcol\u00edtico y el Bronce, dando origen a las m\u00e1s importantes civilizaciones del Occidente, y puede que hasta siendo madre de alguna de las civilizaciones m\u00e1s importantes del Mediterr\u00e1neo y el Cercano Oriente.<\/div>\n<div><\/div>\n<\/div>\n<\/div>\n<div>\n<hr \/>\n<\/div>\n<div class=\"_4lmi\">\n<div class=\"_39k5 _5s6c\">\n<h1>James Cameron y Simcha Jacobovici: \u201cEl Resurgir de la Atl\u00e1ntida\u201d.<\/h1>\n<div class=\"_2cuy _3dgx _2vxa\" style=\"text-align: left;\"><em><span class=\"_4yxp\"><a href=\"http:\/\/atlantisng.com\/blog\/wp-content\/uploads\/2017\/03\/cguarde01.jpg\"><img decoding=\"async\" class=\" wp-image-4656 alignleft\" src=\"http:\/\/atlantisng.com\/blog\/wp-content\/uploads\/2017\/03\/cguarde01.jpg\" alt=\"Dr. C\u00e9sar Guarde-Paz\" width=\"111\" height=\"168\" \/><\/a>C\u00e9sar Guarde-Paz, Doctor en Filosof\u00eda, Universidad de Barcelona y profesor en la universidad de Nankai University (Tianjin, China).<a href=\"http:\/\/atlantisng.com\/blog\/wp-content\/uploads\/2017\/03\/Antonio-Esteban-Morillas.jpg\"><img loading=\"lazy\" decoding=\"async\" class=\"alignright wp-image-4657 \" src=\"http:\/\/atlantisng.com\/blog\/wp-content\/uploads\/2017\/03\/Antonio-Esteban-Morillas-200x200.jpg\" alt=\"Antonio Esteban Morillas\" width=\"142\" height=\"142\" \/><\/a> <\/span><\/em><\/div>\n<div><\/div>\n<div class=\"_2cuy _3dgx _2vxa\" style=\"text-align: right;\"><em><span class=\"_4yxp\">Antonio Morillas Esteban, Licenciado en Filosof\u00eda, Universidad de Barcelona.<\/span><\/em><\/div>\n<div><\/div>\n<div><\/div>\n<div class=\"_2cuy _3dgx _2vxa\" style=\"text-align: justify;\">La historia de la Atl\u00e1ntida ha cautivado a cient\u00edficos y so\u00f1adores por igual durante m\u00e1s de dos mil a\u00f1os, desde que Plat\u00f3n describiera por primera vez la guerra entre los atlantes y los atenienses y el colapso final de ambos imperios bajo las fuerzas de la naturaleza. Durante siglos, la Atl\u00e1ntida se ha situado en los m\u00e1s variopintos lugares, dentro y fuera de la misma Tierra, en la rica imaginaci\u00f3n de algunos o dispersa en los prados de la reflexi\u00f3n filos\u00f3fica. Pero rara vez han mostrado los expertos modernos inter\u00e9s alguno en seguir las tan importantes como abundantes pistas que Plat\u00f3n mismo proporciona en sus dos di\u00e1logos, el <span class=\"_4yxp\">Timeo<\/span> y el <span class=\"_4yxp\">Critias<\/span>. Ahora, de la mano del director James Cameron y el periodista Simcha Jacobovici, un nuevo documental intenta encontrar respuestas poniendo contra las cuerdas de forma sistem\u00e1tica algunas de las m\u00e1s fascinantes y plausibles teor\u00edas sobre la Atl\u00e1ntida.<\/div>\n<div><\/div>\n<div class=\"_2cuy _3dgx _2vxa\" style=\"text-align: justify;\">La primera de estas teor\u00edas identifica la Atl\u00e1ntida con la erupci\u00f3n de Santorini y el colapso de la civilizaci\u00f3n minoica. Charles R. Pellegrino, autor de \u201cUnearthing Atlantis\u201d, sostiene que la avanzada civilizaci\u00f3n minoica inspir\u00f3 la historia de la Atl\u00e1ntida de Plat\u00f3n, algo que, dicho sea de paso, creen la mayor parte de los acad\u00e9micos que aceptan la historicidad del relato plat\u00f3nico. Sin embargo, hay una serie de problemas importantes con esta teor\u00eda, problemas que deber\u00edan resultar evidentes a cualquiera que visite las ruinas de la antigua ciudad minoica de Akrotiri y el museo de la isla. Por ejemplo, Akrotiri no era una ciudad circular. No encaja con el dise\u00f1o de la ciudad descrito por Plat\u00f3n. De forma similar, Plat\u00f3n menciona elefantes, pero esta especie nunca se encontr\u00f3 en Santorini, como tampoco se han encontrado restos arqueol\u00f3gicos representando al m\u00e1s importante animal de la Atl\u00e1ntida: el toro. Serpientes, delfines y pulpos desfilan por \u00e1nforas y representaciones escult\u00f3ricas. Pero si buscamos toros, debemos viajar a la cercana isla de Creta. Simcha, que es tambi\u00e9n un fil\u00f3sofo y conoce Plat\u00f3n a la perfecci\u00f3n, rechaza sagazmente Santorini con muy buenas razones: los minoicos no se viv\u00edan en el Atl\u00e1ntico, fueron una civilizaci\u00f3n pac\u00edfica y fueron destruidos por una erupci\u00f3n volc\u00e1nica. Los atlantes, sin embargo, llegaron de los confines occidentales del Mediterr\u00e1neo, fueron una civilizaci\u00f3n guerrera consumida por su <span class=\"_4yxp\">hibris<\/span>, y fueron destruidos por terremotos y tsunamis.<\/div>\n<div><\/div>\n<div class=\"_2cuy _3dgx _2vxa\" style=\"text-align: justify;\">Simcha viaja a continuaci\u00f3n a Malta, cuna de una atractiva teor\u00eda que vincula sus construcciones megal\u00edticas con la Atl\u00e1ntida. Siempre he sentido una cierta nostalgia al recorrer sus cicl\u00f3peas ruinas y sus misteriosos surcos que conducen a ninguna parte. Es como si fuera m\u00e1gicamente transportado a los mundos on\u00edricos de Robert E. Howard y la desaparecida era de su famoso personaje, Conan el Cimmerio. Pero como bien dijo el poeta espa\u00f1ol Calder\u00f3n de la Barca, \u201clos sue\u00f1os, sue\u00f1os son\u201d, y as\u00ed debemos despertar y aceptar con honestidad que las similitudes entre Malta y la Atl\u00e1ntida, tan asombrosas como puedan resultar, son a la vez tan poco convincentes como Santorini: no hay ciudades circulares, ni toros sagrados, ni mucho menos una isla hundida.<\/div>\n<div><\/div>\n<div class=\"_2cuy _3dgx _2vxa\" style=\"text-align: justify;\">Desde Malta navegamos a Cerde\u00f1a, la segunda isla m\u00e1s grande del Mediterr\u00e1neo y cuna de la olvidada civilizaci\u00f3n nur\u00e1gica. El principal argumento de aquellos que identifican Cerde\u00f1a con la Atl\u00e1ntida se encuentra en una interpretaci\u00f3n err\u00f3nea de lo que los griegos denominaban las Columnas de H\u00e9rcules, el estrecho tras el cual se encontraba la Atl\u00e1ntida: que las Columnas de H\u00e9rcules no eran, como se\u00f1alan todos los autores antiguos y sin excepci\u00f3n, el Estrecho de Gibraltar, sino el Estrecho de Mesina que separa Sicilia del sur de Italia. Como ya hemos explicado en <a href=\"https:\/\/l.facebook.com\/l.php?u=http%3A%2F%2Fagonfilosofia.es%2Findex.php%3Foption%3Dcom_content%26view%3Darticle%26id%3D145&amp;h=ATMf6K0u_lm7AFkeQVuuYB_9uGczp6iFOPf-8mhypBIgLBJf_yBGTU_KnhwiEnRM60DMnZ3p_jhLu04-BijEWcDWiVmcjJkerCQQuMKhNHXkYz9wxbsnNvm8CQm64iAl4Dj2Ow\" target=\"_blank\" rel=\"noopener noreferrer\" data-lynx-mode=\"asynclazy\"><span class=\"_4yxr\">otra ocasi\u00f3n<\/span><\/a>, todas, absolutamente todas las fuentes grecorromanas afirman que las Columnas de H\u00e9rcules se encontraban en o cerca del Estrecho de Gibraltar. Eran, seg\u00fan las leyendas griegas, el resultado de la separaci\u00f3n de Europa y \u00c1frica realizada por H\u00e9rcules en uno de sus trabajos y, por tanto, dif\u00edcilmente podr\u00eda encontrarse en Mesina. Plat\u00f3n es incluso m\u00e1s claro, pues menciona al menos dos lugares que podemos identificar inequ\u00edvocamente con el sur de Espa\u00f1a y el norte de \u00c1frica: Atlas, en Marruecos, y Gadeira, la actual C\u00e1diz.<\/div>\n<div><\/div>\n<div class=\"_2cuy _3dgx _2vxa\" style=\"text-align: justify;\">Existen tambi\u00e9n muchos mapas antiguos, como la Tabula Peutingeriana romana, en donde una o dos islas con el nombre de Gadeira aparecen representadas en la actual C\u00e1diz, al sur de Espa\u00f1a. No cabe duda alguna de que, dejando de lado su historicidad, Plat\u00f3n situ\u00f3 la Atl\u00e1ntida fuera del Estrecho de Gibraltar, en el Oc\u00e9ano Atl\u00e1ntico, y nunca dentro del Mar Mediterr\u00e1neo.<\/div>\n<div><\/div>\n<div class=\"_2cuy _3dgx _2vxa\" style=\"text-align: justify;\">Existen otros problemas adicionales con esta teor\u00eda, los cuales son se\u00f1alados por James Cameron en el documental. As\u00ed, aunque la civilizaci\u00f3n nur\u00e1gica hizo uso de una \u201carquitectura circular\u201d en sus templos, es totalmente ajena a la simple perfecci\u00f3n pitag\u00f3rica de los c\u00edrculos conc\u00e9ntricos de la Atl\u00e1ntida. Las ruinas de Cerde\u00f1a son un laberinto complejo y desorganizado de c\u00edrculos imbricados sin puerto alguno. Adem\u00e1s, la civilizaci\u00f3n nur\u00e1gica no fue pasto de las aguas, sino de los romanos en el a\u00f1o 238 a.C., un siglo despu\u00e9s de la muerte de Plat\u00f3n. La l\u00ednea temporal simplemente no encaja, ya que Plat\u00f3n nunca pudo escribir sobre algo que no ocurri\u00f3 hasta mucho despu\u00e9s de su muerte. Finalmente, el santuario nur\u00e1gico comparado con el templo de Poseid\u00f3n en el documental ni estaba asociado a un dios marino \u2013sino a una diosa\u2013 ni relacionado con el sacrificio de toros.<\/div>\n<div><\/div>\n<div class=\"_2cuy _3dgx _2vxa\" style=\"text-align: justify;\">Simcha se desplaza a continuaci\u00f3n hasta las costas atl\u00e1nticas del sur de Espa\u00f1a, donde existieron islas ya sumergidas desde hace muchos miles de a\u00f1os y una antiqu\u00edsima tradici\u00f3n de culto al toro, en lo que podr\u00eda llamarse la parte central del documental. All\u00ed se re\u00fane con Richard Freund y Georgeos D\u00edaz-Montexano, quien ha dedicado toda una vida a defender una lectura algo m\u00e1s literal de los di\u00e1logos de Plat\u00f3n, tomando como referencia lo que la geograf\u00eda antigua y las fuentes primarias nos dicen sobre la Atl\u00e1ntida: que era una isla y no un continente; que se encontraba fuera de las Columnas de H\u00e9rcules en el Atl\u00e1ntico, al sur de Iberia, cercana a regiones bien conocidas como el Mt. Atlas y C\u00e1diz (Gadeira). Georgeos visita junto al equipo de Simcha diferentes puntos importantes de la geograf\u00eda espa\u00f1ola, examinando grabados y pinturas rupestres con la m\u00e1s moderna tecnolog\u00eda y emplazamientos arqueol\u00f3gicos recientemente descubiertos que podr\u00e1n guardar alguna relaci\u00f3n con la civilizaci\u00f3n atlante. Uno de los principales descubrimientos que corroboran de manera espectacular la historia de Plat\u00f3n es la presencia de un curioso motivo en numerosas estelas con guerreros, barcos y, especialmente tres c\u00edrculos conc\u00e9ntricos alrededor de un punto central con un canal conect\u00e1ndolo con el c\u00edrculo exterior. Este s\u00edmbolo podr\u00eda ser una representaci\u00f3n esquem\u00e1tica de la Atl\u00e1ntida, cuya capital, seg\u00fan Plat\u00f3n, estaba rodeada de tres canales de agua conectados con el mar por un canal central. El mismo s\u00edmbolo se encuentra en otros artefactos que aparentemente no guardan relaci\u00f3n alguna con estas estelas y pinturas rupestres, como una famosa cer\u00e1mica encontrada en Ja\u00e9n y conservada en el Museo Nacional Arqueol\u00f3gico de Madrid. Desgraciadamente, la burocracia espa\u00f1ola no permiti\u00f3 el acceso de los productores a este importante hallazgo.<\/div>\n<div><\/div>\n<div class=\"_2cuy _3dgx _2vxa\" style=\"text-align: justify;\">Tambi\u00e9n en Ja\u00e9n examina el equipo una Antigua ciudadela que, a diferencia de todos los lugares examinados por Simcha a lo largo y ancho del Mediterr\u00e1neo, encaja con bastante exactitud con la descripci\u00f3n que hace Plat\u00f3n de la Atl\u00e1ntida: Marroqu\u00edes Bajos. Esta ciudadela floreci\u00f3 hace al menos cinco milenios y estaba organizada en anillos conc\u00e9ntricos que alternaban agua y tierra, conectados entre ellos, siendo, hasta la fecha, la \u00fanica en todo el mundo con un dise\u00f1o casi id\u00e9ntico al usado en el trazado de la planta urban\u00edstica de la capital de la Atl\u00e1ntida, con c\u00edrculos conc\u00e9ntricos perfectos, casi como trazados al comp\u00e1s, tal como se dice en el Critias de la misma capital de la Atl\u00e1ntida. Paul Friedl\u00e4nder, uno de los m\u00e1s importantes platonistas del siglo pasado, sugiri\u00f3 en su momento que la descripci\u00f3n plat\u00f3nica de la Atl\u00e1ntida hab\u00eda sido inspirada tal vez a trav\u00e9s de la descripci\u00f3n del Imperio Persa de Her\u00f3doto en las historias de maravillosas ciudades circulares de Asia; aunque estas -de paso sea aclarado- no contaban con fosos circulares inundados de aguas que fueran alternados con anillos de tierra como s\u00ed vemos en la primigenia Ja\u00e9n del Calcol\u00edtico y en la capital de la Atl\u00e1ntida. En tiempos de Friedl\u00e4nder la arqueolog\u00eda desconoc\u00eda la existencia de ciudadelas como Marroqu\u00edes Bajos. Ahora, sin embargo, es la misma arqueolog\u00eda la que nos muestra que Plat\u00f3n ten\u00eda raz\u00f3n y los acad\u00e9micos se equivocaban: tales ciudades existieron y justo en el Occidente, en la misma \u00e1rea geogr\u00e1fica donde se sit\u00faa la legendaria civilizaci\u00f3n atl\u00e1ntica, cerca de las Columnas de H\u00e9rcules y de la regi\u00f3n de Gadeira.<\/div>\n<div><\/div>\n<div class=\"_2cuy _3dgx _2vxa\" style=\"text-align: justify;\">Pero uno de los descubrimientos m\u00e1s relevantes del equipo de expertos que acompa\u00f1aban a Simcha ocurri\u00f3 cuando Georgeos les mostr\u00f3 unas pinturas rupestres en Laja Alta, al sur de Espa\u00f1a, en las que \u00e9l cree ver una escena portuaria de la misma civilizaci\u00f3n mar\u00edtima atl\u00e1ntica descrita en el <span class=\"_4yxp\">Timeo<\/span> y el <span class=\"_4yxp\">Critias<\/span>, a cuyo puerto, tal como se describe en el <span class=\"_4yxp\">Critias<\/span>, ven\u00edan barcos de casi todas las naciones. Tal como explica Georgeos en el documental, se aprecian hasta siete barcos con dise\u00f1os diferentes, lo cual es ciertamente inusual incluso en las altas civilizaciones de \u00e9pocas muy posteriores de la Edad del Hierro. Los prestigiosos cient\u00edficos contratados por James Cameron para revisar las hip\u00f3tesis de Georgeos descubrieron lo que parece ser la representaci\u00f3n de un puerto y una zona de amarre para barcos que no solo se propulsaban por remos sino tambi\u00e9n por velas y que recientes dataciones cient\u00edficas (publicadas poco despu\u00e9s de haberse terminado la filmaci\u00f3n del documental) por la Universidad de Granada, sit\u00faan nada menos que en unos 6000 a\u00f1os, siendo por tanto los m\u00e1s antiguos barcos con velamen de toda la humanidad.<\/div>\n<div><\/div>\n<div class=\"_2cuy _3dgx _2vxa\" style=\"text-align: justify;\">No habiendo encontrado evidencias arqueol\u00f3gicas irrefutables bajo el oc\u00e9ano \u2013adem\u00e1s de unos posibles tambores o discos de columnas o muelas de molino y una curiosa pero muy deteriorada formaci\u00f3n rocosa que parece haber sido modificada por el hombre\u2013, el equipo toma como punto de referencia las pinturas rupestres y las indicaciones de D\u00edaz-Montexano sobre la zona donde se podr\u00eda hallar tal puerto o zona de espera sumergida desde hace miles de a\u00f1os y as\u00ed, el Atlantic Explorer, buque insignia de la expedici\u00f3n, navega en direcci\u00f3n al Islote de Sancti Petri. Esta peque\u00f1a isla no s\u00f3lo se encuentra muy cerca de la localizaci\u00f3n descrita por Plat\u00f3n en sus di\u00e1logos, sino que tuvo en su momento un templo dedicado a Melkart, el H\u00e9rcules romano. \u00bfPodr\u00eda ser \u00e9sta la verdadera localizaci\u00f3n de la Atl\u00e1ntida de Plat\u00f3n?<\/div>\n<div><\/div>\n<div class=\"_2cuy _3dgx _2vxa\" style=\"text-align: justify;\">Contra toda probabilidad, a varios kil\u00f3metros al Sur de Sancti Petri, en altar mar, algo lejos ya de la costa, el equipo de Simcha encuentra en tan solo un par de inmersiones, en menos de una hora y a una profundidad cercana a las -40 metros (tal como de detalla en el libro: <span class=\"_4yxp\">\u201cAtlantis Rising. National Geographic and scientific search for Atlantis\u201d<\/span>, 2017, de Georgeos D\u00edaz-Montexano), no ya una, sino hasta seis anclas de piedras, a pocos metros unas de otras, y una enorme ancla de pierda algo aislada de las anteriores. Todas ellas podr\u00edan datar de la Edad del Bronce. En cualquier caso, tanto la tipolog\u00eda de las anclas de piedra como la profundidad y lejan\u00eda mar adentro, apuntan a que son, como muy reciente, de la Edad del Bronce, pero anterior a la llegada de los fenicios. Sin descartar que pudieran ser incluso del Calcol\u00edtico o del Neol\u00edtico, como al parecer son los mismos barcos con remos y velas de la Cueva de Laja Alta, pudiendo ser, en este caso, anclas de piedras de estos mismos barcos que por su dise\u00f1o evidencian una alta civilizaci\u00f3n mar\u00edtima. El tama\u00f1o de alguna de las anclas revela, adem\u00e1s, el gran tama\u00f1o de esos barcos. \u00bfRestos anteriores a la civilizaci\u00f3n de Tartesos? \u00bfRestos de la misma civilizaci\u00f3n mar\u00edtima atl\u00e1ntica que Sol\u00f3n traduce con el nombre griego de Atl\u00e1ntida? \u00bfO podr\u00eda ser que, despu\u00e9s de todo, sean uno y lo mismo, una floreciente civilizaci\u00f3n mar\u00edtima que domin\u00f3 el Mediterr\u00e1neo desde el oeste, destruida y reconstruida de nuevo, y conocida en la historia y la leyenda con diferentes nombres?<\/div>\n<div><\/div>\n<div class=\"_2cuy _3dgx _2vxa\" style=\"text-align: justify;\">Tan s\u00f3lo nos queda esperar a que nuevas investigaciones lideradas por tan importante y preparado equipo de profesionales puedan arrojar m\u00e1s luces sobre estos descubrimientos.<\/div>\n<div><\/div>\n<hr \/>\n<h1 class=\"_2cuy _3dgx _2vxa\" style=\"text-align: justify;\">Argumentos en defensa de \u201cEl resurgir de la Atl\u00e1ntida\u201d de Cameron, Jacobovici y D\u00edaz-Montexano para National Geographic, 2017.<\/h1>\n<p><em><a href=\"http:\/\/atlantisng.com\/blog\/wp-content\/uploads\/2017\/03\/Captura-de-pantalla_2017-09-19_17-42-35.png\"><img loading=\"lazy\" decoding=\"async\" class=\"alignleft wp-image-4662 \" src=\"http:\/\/atlantisng.com\/blog\/wp-content\/uploads\/2017\/03\/Captura-de-pantalla_2017-09-19_17-42-35-200x200.png\" alt=\"Lc. Jos\u00e9 Manuel Peque Mart\u00ednez\" width=\"140\" height=\"140\" \/><\/a>Por Jos\u00e9 Manuel Peque Mart\u00ednez, licenciado en filolog\u00eda por la Universidad Complutense de Madrid.<\/em><\/p>\n<p>El pasado mes de marzo National Geographic estren\u00f3 un documental titulado \u201cEl resurgir de la Atl\u00e1ntida\u201d en el cual quer\u00edan ahondar en la idea, ya mostrada en otro programa anterior, \u201cFinding Atlantis\u201d, de que el mito plat\u00f3nico de la Atl\u00e1ntida ten\u00eda una base hist\u00f3rica y estaba originado por una antigua civilizaci\u00f3n que pudo tener su base en la Pen\u00ednsula Ib\u00e9rica.<\/p>\n<p>\u201cEl resurgir de la Atl\u00e1ntida\u201d, dirigido por James Cameron y dirigido por Simcha Jacobovici, sin embargo, ofrece un estudio m\u00e1s profundo y detallado que su antecesor. Presentado como una especie de viaje por los lugares m\u00e1s emblem\u00e1ticos de la Antig\u00fcedad mediterr\u00e1nea, el equipo busca datos y pruebas que ayuden a demostrar la probable existencia de una antigua civilizaci\u00f3n que parece manifestarse poco a poco, seg\u00fan va avanzando el documental y van present\u00e1ndose las pruebas que los defensores de esta teor\u00eda dicen defender.<\/p>\n<p>A trav\u00e9s de las ruinas de Akrotiri, los templos de Malta, las estructuras circulares llamadas \u201cnuragas\u201d de Cerde\u00f1a, y los petroglifos, ciudades y estructuras circulares de la Pen\u00ednsula Ib\u00e9rica.<\/p>\n<p>Es en la Pen\u00ednsula Ib\u00e9rica donde vamos a detenernos con m\u00e1s detalle en nuestro an\u00e1lisis. El documental cubre las investigaciones de dos famosos expertos en la b\u00fasqueda cient\u00edfica de la Atl\u00e1ntida: Richard Freund y Georgeos D\u00edaz-Montexano. Al primero ya le conocemos de su paso por el primer documental \u201cFinding Atlantis\u201d, y desarrolla su b\u00fasqueda en el Parque nacional de Do\u00f1ana y el litoral mediterr\u00e1neo y atl\u00e1ntico de Andaluc\u00eda.<\/p>\n<h3>Las hip\u00f3tesis de Georgeos D\u00edaz-Montexano<\/h3>\n<p>Georgeos D\u00edaz-Montexano no es un autor tan conocido a nivel medi\u00e1tico, y sin embargo ha consagrado casi treinta a\u00f1os de su vida a la b\u00fasqueda hist\u00f3rico-cient\u00edfica de la civilizaci\u00f3n atlante, recorriendo de forma incansable la pen\u00ednsula Ib\u00e9rica, entre otros lugares cercanos al Atl\u00e1ntico, en busca de pruebas indiciarias que pudieran de alg\u00fan modo relacionarse con lo que \u00e9l mismo clasifica como una leyenda hist\u00f3rica atl\u00e1ntica.<\/p>\n<p>Entre esas pruebas se cuentan petroglifos como los de Campanario, Badajoz, y pinturas rupestres como las de la Cueva Laja Alta, en Jimena de la Frontera. D\u00edaz-Montexano ve en tales pinturas, especialmente en las figuras de barcos con remos, tim\u00f3n y velas, que seg\u00fan su interpretaci\u00f3n parecen salir (o escapar) de un puerto representado por una figura cuadrangular con una \u00e1rea en espiral o circular conc\u00e9ntrica en su interior.<\/p>\n<p>Para este escritor espa\u00f1ol, en las Estelas de Guerrero del Suroeste, tambi\u00e9n se hallan algunas pistas de la posible existencia en el suroeste de la pen\u00ednsula Ib\u00e9rica el recuerdo sobre una antigua civilizaci\u00f3n que como la legendaria Atl\u00e1ntida al parecer trazaba sus asentamientos y ciudadelas con un patr\u00f3n circular conc\u00e9ntrico. Para \u00e9l, los escudos de estas estelas podr\u00eda haber sido decorados con el dise\u00f1o o s\u00edmbolo de la misma legendaria capital de Atlantis, con sus tres fosos circulares altern\u00e1ndose con dos anillos de tierra, todo ello rodeando a una isla-acr\u00f3polis peque\u00f1a en el mismo centro, desde la cual sal\u00ed un canal que se extend\u00eda hacia el exterior de todos los fosos y anillos de tierra, lo que se aprecia en los escudos como triples aberturas que se adentran en direcci\u00f3n al centro mismo.<\/p>\n<p>Por otra parte, D\u00edaz-Montexano se percat\u00f3 de que todas las figuras humanas que presentan cuernos, estos no les salen de ning\u00fan tipo de casco, sino directamente de las sienes de la cabezas mismas, por tanto, se tratar\u00eda de guerreros-toros, es decir, como una especie de guerreros mino-tauros. Una manera simb\u00f3lica de representar a un pueblo de guerreros que se ve\u00edan a si mismos como descendientes del toro, el principal animal sagrado de la realeza de los atlantes. Las figuras de guerreros con cuernos y la posterior escritura tart\u00e9sica, son algunas de las pruebas indiciarias art\u00edsticas y epigr\u00e1ficas que aporta el atlant\u00f3logo y escritor espa\u00f1ol sobre la posible existencia de una gran civilizaci\u00f3n que pudo haber florecido en el suroeste de Iberia, desde el Neol\u00edtico (Cultura Megal\u00edtica) y principalmente durante la Edad del Cobre (Cultura del Vaso Campaniforme) hasta finales de la Edad del Bronce, y que desde el mismo suroeste se habr\u00eda expandido hacia casi toda Europa occidental, septentrional y central, a la par que por el norte de \u00c1frica hasta las islas del Mediterr\u00e1neo y algunos puntos de Asia Menor, coincidiendo, en este sentido, con lo que se describe en el Timeo y el Critias (entre otras fuentes) sobre la expansi\u00f3n de los pueblos atl\u00e1nticos de Occidente a Oriente.<\/p>\n<p>Aunque dichas pruebas indiciarias puedan parecer a\u00fan insuficientes, lo cierto es que el patr\u00f3n del circulo conc\u00e9ntrico es un modelo que se repite con mucha frecuencia en la Pen\u00ednsula, especialmente entre La Mancha, el Sur y el Suroeste. En el documental, Georgeos D\u00edaz-Montexano muestra a Simcha Jacobovici el magnifico asentamiento de la Motilla del Azuer, Daimiel, Ciudad Real, un asentamiento circular fortificado que quiz\u00e1s pudo haber sido usado tambi\u00e9n como un templo a una divinidad de las aguas, y que para el autor ser\u00eda una prueba arqueol\u00f3gica m\u00e1s de que los s\u00edmbolos circulares conc\u00e9ntricos de las Estelas de Guerrero y de los petroglifos y pinturas rupestres, podr\u00edan responder a representaciones simb\u00f3licas de aquellos antiguos asentamientos y recintos ceremoniales o templos que formaban parte de la mismas civilizaci\u00f3n atl\u00e1ntica que Sol\u00f3n despu\u00e9s tradujo al griego con el nombre de atlante o de la Atl\u00e1ntida.<\/p>\n<p>Otra de las pruebas expuestas en el documental son las ruinas halladas en Ja\u00e9n, en el solar conocido como Marroqu\u00edes Bajos. En este solar se ha hallado un gran yacimiento donde se repite el patr\u00f3n circular en el trazado mismo de la ciudadela y los per\u00edmetros defensivos. Y, sorprendentemente, al igual que se describe la capital de Atlantis, esta \u201cAntigua Ja\u00e9n\u201d (como se la llama en el documental) del Calcol\u00edtico, tambi\u00e9n alternaba fosos que funcionaban como canales, bien conteniendo o conduciendo agua, con anillos de tierra o espacios inter-fosos. Un dise\u00f1o que solo se aprecia en la capital de Atlantis. Tal como la reconstruyen en el documental, la Antigua Ja\u00e9n era como una ciudad gemela de la Atl\u00e1ntida, como una ciudadela que emulaba el mismo patr\u00f3n urban\u00edstico de la capital de la civilizaci\u00f3n mar\u00edtima atl\u00e1ntica, y donde llegaron a vivir decenas de miles de habitantes, desde al menos hace unos 5000 a\u00f1os, hasta finales del Calcol\u00edtico y principios del Bronce. El testimonio de la destacada arque\u00f3loga jiennense, Estela P\u00e9rez Ruiz, as\u00ed lo avala tambi\u00e9n.<\/p>\n<h3>Do\u00f1ana y Tartessos como probable origen del mito<\/h3>\n<p>El punto culminante del programa se produce, sin embargo, en el Coto de Do\u00f1ana y el islote de Sancti Petri. Desde hace mucho tiempo investigaciones arqueol\u00f3gicas como las de Sch\u00fclten, fotograf\u00edas por sat\u00e9lite, y el propio relato plat\u00f3nico, han apuntado hacia las marismas del Guadalquivir como lugar de nacimiento de la civilizaci\u00f3n atlante. D\u00edaz-Montexano muestra una copia bizantina del mapa de Ptolomeo, que muestra la Pen\u00ednsula Ib\u00e9rica tal y como era hace miles de a\u00f1os, con el antiguo estrecho de las Estelas de Herakles (Columnas de H\u00e9rcules), Gadeira (C\u00e1diz) y la desembocadura del r\u00edo Baitios (Betis), actual Guadalquivir, y sobre una isla situada en la misma desembocadura del Guadalquivir, en la zona ubicada entre el Cerro del Trigo y la costa, justo donde se desarrolla la escena con Simcha, Richard y Georgeos, aparece la palabra m\u00e1gica: \u201cTartessos\u201d, escrita junto a un s\u00edmbolo de ciudad circular fortificada. \u00c9ste es uno de los m\u00e1s sorprendentes descubrimientos de D\u00edaz-Montexano.<\/p>\n<p>Los investigadores se preguntan si la cuasi m\u00edtica civilizaci\u00f3n tartessia que tuvo su asiento principal entre Andaluc\u00eda, Extremadura y el sudeste de Portugal, era heredera de la atlante o bien la misma civilizaci\u00f3n atl\u00e1ntica. La casi imposibilidad de excavar en el lugar, debido a que es espacio protegido, as\u00ed como que la ciudad (ya sea la capital de Atlantis o la misma ciudad de Tartessos) deber\u00eda estar enterrada profundamente bajo toneladas de barro y cieno, hacen que sea muy dif\u00edcil poder confirmar o descartar esta hip\u00f3tesis en particular. Sin embargo, piensan, que tal vez puedan hallar restos de un importante puerto de espera en el Golfo de C\u00e1diz. Si existi\u00f3 en esta zona de Do\u00f1ana cercana a la costa, tal como se ve en el mapa de Ptolomeo, una ciudad de la relevancia de Tartessos, o la misma capital de Atlantis antes, es de esperar que no muy lejos mar adentro deber\u00edan hallarse evidencias arqueolog\u00edas de la existencia como m\u00ednimo de una zona de espera para los barcos, antes de poder entrar en el puerto principal de la ciudad. Por ello deciden entonces hacer una investigaci\u00f3n subacu\u00e1tica en los alrededores del islote de Sancti Petri, y entonces, varios kil\u00f3metros mar adentro, al Sur de Sancti Petri, justo en la zona donde D\u00edaz-Montexano hab\u00eda indicado por referencias que hab\u00eda estado reuniendo durante a\u00f1os, y hallazgos propios, el equipo de buzos profesionales, liderados por el c\u00e9lebre arque\u00f3logo subacu\u00e1tico (una leyenda en su campo), Dr. Ralph K. Pedersen, en apenas un par de inmersiones y en menos de una hora, hallan hasta seis anclas de piedra muy antiguas que por el estilo y la lejan\u00eda de la costa en que aparecieron sin la menor duda solo podr\u00edan ser datadas en la Edad del Bronce o en el Calcol\u00edtico. En cualquier caso, anterior a los fenicios, lo que parece corroborar la hip\u00f3tesis de Georgeos D\u00edaz-Montexano de que en la zona podr\u00eda haber existido un importante puerto (sumergido ya desde hace miles de a\u00f1os) que muy probablemente controlaba el comercio entre el Atl\u00e1ntico y el Mediterr\u00e1neo.<\/p>\n<p>El documental contin\u00faa su periplo hasta las Azores, pero llegados a este punto debemos concluir este estudio de los hallazgos mostrados en el documental para lanzar una pregunta: \u00bfPor qu\u00e9 ning\u00fan medio de comunicaci\u00f3n ha querido hacerse eco de los hallazgos mostrados en \u201cEl resurgir de la Atl\u00e1ntida\u201d? A nuestro entender se muestran suficientes evidencias como para tomar en consideraci\u00f3n un estudio profundo del tema. Al menos, deber\u00eda producirse un debate al respecto.<\/p>\n<p>Personalmente, el autor de esta valoraci\u00f3n opina que, desde el punto de vista arqueol\u00f3gico, existe una base lo suficientemente consistente como para merecer un debate cient\u00edfico serio. Este documental no deber\u00eda rechazarse, sin m\u00e1s, por el mero hecho de tratar unas hip\u00f3tesis sobre la Atl\u00e1ntida. Empiezan a ser muchas las voces que se\u00f1alan al suroeste de nuestro pa\u00eds como la tierra de origen de una civilizaci\u00f3n importante. Quiz\u00e1s la m\u00e1s importante de todas cuantas existieron en el Occidente. Y que quiz\u00e1s aprendamos a observarla cuando superemos la ceguera del ultraescepticismo y aprendamos a estudiar los restos arqueol\u00f3gicos de una forma m\u00e1s global. En vez de interpretarlo todo desde una visi\u00f3n meramente localista o regional tal como se ha venido haciendo hasta ahora, sobre todo en Espa\u00f1a.<\/p>\n<hr \/>\n<p><a href=\"https:\/\/danigareses.wixsite.com\/pensarenespanol\/civilizaciones-hispanicas\"><img loading=\"lazy\" decoding=\"async\" class=\"aligncenter wp-image-5501 size-full\" src=\"http:\/\/atlantisng.com\/blog\/wp-content\/uploads\/2017\/03\/32929182_1798860803490419_2055230890103013376_o-1.png\" alt=\"Lo que piensan algunos profesionales de ciencias de humanidades y ciencias geogr\u00e1ficas sobre el documental \u201cEl resurgir de la Atl\u00e1ntida\u201d de James Cameron y Simcha Jacobovici y Georgeos D\u00edaz-Montexano, et alii, para National Geographic. Fuente: https:\/\/danigareses.wixsite.com\/pensarenespanol\/civilizaciones-hispanicas Pasa a la siguiente foto...\" width=\"1454\" height=\"1642\" \/><\/a><\/p>\n<h4 style=\"text-align: center;\">Texto en ingl\u00e9s <a title=\"https:\/\/danigareses.wixsite.com\/pensarenespanol\/civilizaciones-hispanicas\" href=\"https:\/\/danigareses.wixsite.com\/pensarenespanol\/civilizaciones-hispanicas\">https:\/\/danigareses.wixsite.com\/pensarenespanol\/civilizaciones-hispanicas<\/a><\/h4>\n<hr \/>\n<\/div>\n<\/div>\n<\/div>\n<\/div>\n<\/div>\n<\/div>\n<\/div>\n<h2 class=\"_1mf _1mj\" style=\"text-align: center;\" data-offset-key=\"f1vic-0-0\"><span data-offset-key=\"clv5e-0-0\"><a href=\"http:\/\/www.AtlantisRising.es\" target=\"_blank\" rel=\"noopener noreferrer\">www.AtlantisRising.es<\/a>\u00a0<a href=\"http:\/\/www.AtlantiSais.org\" target=\"_blank\" rel=\"noopener noreferrer\">www.AtlantiSais.org<\/a><\/span><\/h2>\n<\/div>\n<div class=\"\" data-block=\"true\" data-editor=\"cviri\" data-offset-key=\"b3nrr-0-0\">\n<div class=\"_1mf _1mj\" data-offset-key=\"b3nrr-0-0\"><span data-offset-key=\"b3nrr-0-0\">\u00a0<\/span><\/div>\n<\/div>\n<div class=\"\" data-block=\"true\" data-editor=\"cviri\" data-offset-key=\"mno5-0-0\">\n<div class=\"_1mf _1mj\" data-offset-key=\"mno5-0-0\"><span class=\"_5zk7\" spellcheck=\"false\" data-offset-key=\"mno5-0-0\"><span data-offset-key=\"mno5-0-0\">#Atl\u00e2ntida<\/span><\/span> <span class=\"_5zk7\" spellcheck=\"false\" data-offset-key=\"mno5-2-0\"><span data-offset-key=\"mno5-2-0\">#Atlantida<\/span><\/span> <span class=\"_5zk7\" spellcheck=\"false\" data-offset-key=\"mno5-4-0\"><span data-offset-key=\"mno5-4-0\">#Atlantis<\/span><\/span> <span class=\"_5zk7\" spellcheck=\"false\" data-offset-key=\"mno5-6-0\"><span data-offset-key=\"mno5-6-0\">#ElresurgirdelaAtl\u00e1ntida<\/span><\/span><span data-offset-key=\"mno5-7-0\"> (<\/span><span class=\"_5zk7\" spellcheck=\"false\" data-offset-key=\"mno5-8-0\"><span data-offset-key=\"mno5-8-0\">#AtlantisRising<\/span><\/span><span data-offset-key=\"mno5-9-0\">) <\/span><span class=\"_5zk7\" spellcheck=\"false\" data-offset-key=\"mno5-10-0\"><span data-offset-key=\"mno5-10-0\">#JamesCameron<\/span><\/span> <span class=\"_5zk7\" spellcheck=\"false\" data-offset-key=\"mno5-12-0\"><span data-offset-key=\"mno5-12-0\">#SimchaJacobovici<\/span><\/span> <span class=\"_5zk7\" spellcheck=\"false\" data-offset-key=\"mno5-14-0\"><span data-offset-key=\"mno5-14-0\">#YaronNiski<\/span><\/span> <span class=\"_5zk7\" spellcheck=\"false\" data-offset-key=\"mno5-16-0\"><span data-offset-key=\"mno5-16-0\">#FelixGolubev<\/span><\/span> <span class=\"_5zk7\" spellcheck=\"false\" data-offset-key=\"mno5-18-0\"><span data-offset-key=\"mno5-18-0\">#NationalGeographic<\/span><\/span> <span class=\"_5zk7\" spellcheck=\"false\" data-offset-key=\"mno5-20-0\"><span data-offset-key=\"mno5-20-0\">#GeorgeosDiazMontexano<\/span><\/span>\u00a0<span class=\"_5zk7\" spellcheck=\"false\" data-offset-key=\"mno5-24-0\"><span data-offset-key=\"mno5-24-0\">#EstelaPerezRuiz<\/span><\/span> <span class=\"_5zk7\" spellcheck=\"false\" data-offset-key=\"mno5-26-0\"><span data-offset-key=\"mno5-26-0\">#Huelva<\/span><\/span> <span class=\"_5zk7\" spellcheck=\"false\" data-offset-key=\"mno5-28-0\"><span data-offset-key=\"mno5-28-0\">#Do\u00f1ana<\/span><\/span> <span class=\"_5zk7\" spellcheck=\"false\" data-offset-key=\"mno5-30-0\"><span data-offset-key=\"mno5-30-0\">#Andaluc\u00eda<\/span><\/span> <span class=\"_5zk7\" spellcheck=\"false\" data-offset-key=\"mno5-32-0\"><span data-offset-key=\"mno5-32-0\">#Ja\u00e9n<\/span><\/span> <span class=\"_5zk7\" spellcheck=\"false\" data-offset-key=\"mno5-34-0\"><span data-offset-key=\"mno5-34-0\">#Marroqu\u00edesBajos<\/span><\/span> <span class=\"_5zk7\" spellcheck=\"false\" data-offset-key=\"mno5-36-0\"><span data-offset-key=\"mno5-36-0\">#Azuer<\/span><\/span> <span class=\"_5zk7\" spellcheck=\"false\" data-offset-key=\"mno5-38-0\"><span data-offset-key=\"mno5-38-0\">#Daimiel<\/span><\/span> <span class=\"_5zk7\" spellcheck=\"false\" data-offset-key=\"mno5-40-0\"><span data-offset-key=\"mno5-40-0\">#CiudadReal<\/span><\/span> <span class=\"_5zk7\" spellcheck=\"false\" data-offset-key=\"mno5-42-0\"><span data-offset-key=\"mno5-42-0\">#JimenadelaFrontera<\/span><\/span> <span class=\"_5zk7\" spellcheck=\"false\" data-offset-key=\"mno5-44-0\"><span data-offset-key=\"mno5-44-0\">#Barbate<\/span><\/span> <span class=\"_5zk7\" spellcheck=\"false\" data-offset-key=\"mno5-46-0\"><span data-offset-key=\"mno5-46-0\">#ZaharadelosAtunes<\/span><\/span> <span class=\"_5zk7\" spellcheck=\"false\" data-offset-key=\"mno5-48-0\"><span data-offset-key=\"mno5-48-0\">#ConildelaFrontera<\/span><\/span> <span class=\"_5zk7\" spellcheck=\"false\" data-offset-key=\"mno5-50-0\"><span data-offset-key=\"mno5-50-0\">#SanFernandodeCadiz<\/span><\/span> <span class=\"_5zk7\" spellcheck=\"false\" data-offset-key=\"mno5-52-0\"><span data-offset-key=\"mno5-52-0\">#Cadiz<\/span><\/span> <span class=\"_5zk7\" spellcheck=\"false\" data-offset-key=\"mno5-54-0\"><span data-offset-key=\"mno5-54-0\">#SanctiPetri<\/span><\/span> <span class=\"_5zk7\" spellcheck=\"false\" data-offset-key=\"mno5-56-0\"><span data-offset-key=\"mno5-56-0\">#Campanario<\/span><\/span> <span class=\"_5zk7\" spellcheck=\"false\" data-offset-key=\"mno5-58-0\"><span data-offset-key=\"mno5-58-0\">#Badajoz<br \/>\n<\/span><\/span><\/div>\n<\/div>\n<\/div>\n<\/div>\n<\/div>\n<\/div>\n<\/div>\n<\/div>\n<\/div>\n<\/div>\n<\/div>\n<p>&nbsp;<\/p>\n<div id=\"wayfinding-breadcrumbs_container\" class=\"a-section a-spacing-none a-padding-medium\">\n<div id=\"wayfinding-breadcrumbs_feature_div\" class=\"a-subheader a-breadcrumb feature\" data-feature-name=\"wayfinding-breadcrumbs\">\n<p><img decoding=\"async\" id=\"ebooksSitbLogoImg\" class=\"litb-on-click\" src=\"https:\/\/images-na.ssl-images-amazon.com\/images\/G\/30\/digital\/sitb\/sticker\/sitb-sticker-v3-xsmall._CB333899435_.png\" alt=\"Mirar en el interior de este libro.\" \/><\/p>\n<\/div>\n<\/div>\n<div id=\"dp-container\" class=\"a-container\">\n<div id=\"imageBlockNew_feature_div\" class=\"feature\" data-feature-name=\"imageBlockNew\">\n<div id=\"ebooksImageBlockOuter\" class=\"a-row\">\n<div id=\"ebooksImageBlock\" class=\"a-row\">\n<div id=\"ebooksImageBlockContainer\" class=\"a-row a-grid-vertical-align a-grid-center maintain-height\">\n<div id=\"ebooks-main-image-container\" class=\"a-column a-span12 a-text-center maintain-height a-span-last\">\n<div id=\"ebooks-img-wrapper\" class=\"a-section maintain-height\">\n<div id=\"ebooks-img-canvas\" class=\"a-section image-2d clickableImage\"><img loading=\"lazy\" decoding=\"async\" id=\"ebooksImgBlkFront\" class=\"a-dynamic-image frontImage alignleft\" src=\"https:\/\/images-eu.ssl-images-amazon.com\/images\/I\/51FrYB1nZXL.jpg\" alt=\"ATLANTIS.NG National Geographic y la b\u00fasqueda cient\u00edfica de la Atl\u00e1ntida: Localizaci\u00f3n y antig\u00fcedad de la legendaria civilizaci\u00f3n de Atlantis desde las ... (Atlantolog\u00eda Hist\u00f3rico-Cient\u00edfica n\u00ba 9) de [D\u00edaz-Montexano, Georgeos]\" width=\"345\" height=\"500\" data-a-image-name=\"ebooksImageBlockFront\" data-a-dynamic-image=\"{&quot;https:\/\/images-eu.ssl-images-amazon.com\/images\/I\/51FrYB1nZXL.jpg&quot;:[345,500],&quot;https:\/\/images-eu.ssl-images-amazon.com\/images\/I\/51FrYB1nZXL._SY346_.jpg&quot;:[239,346]}\" data-a-manual-replacement=\"true\" \/><\/div>\n<\/div>\n<\/div>\n<\/div>\n<\/div>\n<\/div>\n<\/div>\n<h2 id=\"leftCol\">ATLANTIS.NG<\/h2>\n<h2>National Geographic y la b\u00fasqueda cient\u00edfica de la Atl\u00e1ntida.<\/h2>\n<\/div>\n<h3>Localizaci\u00f3n y antig\u00fcedad de la legendaria civilizaci\u00f3n de Atlantis desde las fuentes cl\u00e1sicas, egipcias, tartessias y calcol\u00edticas.<\/h3>\n<div>(Atlantolog\u00eda Hist\u00f3rico-Cient\u00edfica n\u00ba 9) Versi\u00f3n Kindle por Georgeos D\u00edaz-Montexano\u00a0(Autor) y\u00a0<img loading=\"lazy\" decoding=\"async\" src=\"http:\/\/atlantisng.com\/blog\/wp-content\/uploads\/2018\/06\/FireShot-Capture-023-Editar-entrada-%E2%80%B9-ATLANTIS.NG_._-http___atlantisng.com_blog_wp-admin_post.php_.jpg\" width=\"88\" height=\"16\" \/> (Ilustradora).<\/div>\n<h3 style=\"text-align: justify;\" align=\"justify\"><a href=\"http:\/\/atlantisng.com\/blog\/tag\/atlantida\/\"><strong>Directorio de art\u00edculos sobre la Atl\u00e1ntida <\/strong><\/a><\/h3>\n<h3 style=\"text-align: justify;\" align=\"justify\"><strong><a href=\"http:\/\/atlantisng.com\/blog\/tag\/escriptologia\/\">Directorio de art\u00edculos sobre Escriptolog\u00eda (antiguas escrituras y lenguas) y el origen de las escrituras lineales<\/a><\/strong><\/h3>\n<h2 align=\"justify\"><strong>Otros art\u00edculos relacionados:\u00a0<\/strong><\/h2>\n<blockquote class=\"wp-embedded-content\" data-secret=\"od809OhDsL\"><p><a href=\"https:\/\/atlantisng.com\/blog\/nueva-hipotesis-semitico-tartesica-sobre-el-origen-del-nombre-de-espana-2\/\">Nueva hip\u00f3tesis sem\u00edtico-tart\u00e9sica sobre el origen del nombre de Espa\u00f1a.<\/a><\/p><\/blockquote>\n<p><iframe class=\"wp-embedded-content\" sandbox=\"allow-scripts\" security=\"restricted\" style=\"position: absolute; clip: rect(1px, 1px, 1px, 1px);\" title=\"\u00abNueva hip\u00f3tesis sem\u00edtico-tart\u00e9sica sobre el origen del nombre de Espa\u00f1a.\u00bb \u2014 La Atl\u00e1ntida Hist\u00f3rica\" src=\"https:\/\/atlantisng.com\/blog\/nueva-hipotesis-semitico-tartesica-sobre-el-origen-del-nombre-de-espana-2\/embed\/#?secret=thPXFwt8JD#?secret=od809OhDsL\" data-secret=\"od809OhDsL\" width=\"600\" height=\"338\" frameborder=\"0\" marginwidth=\"0\" marginheight=\"0\" scrolling=\"no\"><\/iframe><\/p>\n<p>&nbsp;<\/p>\n","protected":false},"excerpt":{"rendered":"<p>Resumen de algunas valoraciones positivas de profesionales de las Ciencias Sociales y Ciencias Naturales sobre el documental \u201cEl resurgir de la Atl\u00e1ntida\u201d (Atlantis Rising), producido en 2016 &hellip; <\/p>\n","protected":false},"author":1,"featured_media":9946,"comment_status":"open","ping_status":"open","sticky":true,"template":"","format":"standard","meta":{"cybocfi_hide_featured_image":"yes","footnotes":""},"categories":[2,4,5,7,11],"tags":[171,222,244,254,273,276,330,338,340,341,465,474,493,496,499,644,670,747,774,801,842,865,923,991,993,995,1061,1062,1146,1177,1178,1329,1344,1347,1371,1484,1485,1763,1764,1765,1783,1801,1808,1872,1897,2008,2060,2156,2170,2245,2246,2248,2264,2274,2428,2436,2593],"class_list":["post-4641","post","type-post","status-publish","format-standard","has-post-thumbnail","hentry","category-antiguas-civilizaciones","category-articulos","category-atlantologia-historico-cientifica","category-escriptologia","category-tartessos","tag-andalucia","tag-arameo","tag-arios","tag-arqueologia","tag-arte-rupestre","tag-articulos","tag-atlantida","tag-atlantis","tag-atlantis-rising","tag-atlantologia","tag-cadiz","tag-calcolitico","tag-canaan","tag-cananeas","tag-cananitas","tag-critias","tag-cueva-del-plato","tag-documental","tag-edad-del-bronce","tag-el-resurgir-de-la-atlantida","tag-epigrafia","tag-escriptologia","tag-etimologia","tag-felix-golubev","tag-fenicias","tag-fenicios","tag-georgeos-diaz","tag-georgeos-diaz-montexano","tag-hebreo","tag-hipotesis","tag-hispania","tag-ispania","tag-jaen","tag-james-cameron","tag-jimena-de-la-frontera","tag-lenguas-semitas","tag-lenguas-semiticas","tag-national-geographic","tag-national-geographic-channel","tag-national-geographic-society","tag-neolitico","tag-nombre","tag-noticias","tag-origen","tag-otinar","tag-platon","tag-proto-cananita","tag-resurgir","tag-richard-freund","tag-semitas","tag-semiticas","tag-semiticos","tag-sierra-sur-de-jaen","tag-simcha-jacobovici","tag-tim-pastore","tag-timeo","tag-yaron-niski"],"_links":{"self":[{"href":"https:\/\/atlantisng.com\/blog\/wp-json\/wp\/v2\/posts\/4641","targetHints":{"allow":["GET"]}}],"collection":[{"href":"https:\/\/atlantisng.com\/blog\/wp-json\/wp\/v2\/posts"}],"about":[{"href":"https:\/\/atlantisng.com\/blog\/wp-json\/wp\/v2\/types\/post"}],"author":[{"embeddable":true,"href":"https:\/\/atlantisng.com\/blog\/wp-json\/wp\/v2\/users\/1"}],"replies":[{"embeddable":true,"href":"https:\/\/atlantisng.com\/blog\/wp-json\/wp\/v2\/comments?post=4641"}],"version-history":[{"count":6,"href":"https:\/\/atlantisng.com\/blog\/wp-json\/wp\/v2\/posts\/4641\/revisions"}],"predecessor-version":[{"id":15634,"href":"https:\/\/atlantisng.com\/blog\/wp-json\/wp\/v2\/posts\/4641\/revisions\/15634"}],"wp:featuredmedia":[{"embeddable":true,"href":"https:\/\/atlantisng.com\/blog\/wp-json\/wp\/v2\/media\/9946"}],"wp:attachment":[{"href":"https:\/\/atlantisng.com\/blog\/wp-json\/wp\/v2\/media?parent=4641"}],"wp:term":[{"taxonomy":"category","embeddable":true,"href":"https:\/\/atlantisng.com\/blog\/wp-json\/wp\/v2\/categories?post=4641"},{"taxonomy":"post_tag","embeddable":true,"href":"https:\/\/atlantisng.com\/blog\/wp-json\/wp\/v2\/tags?post=4641"}],"curies":[{"name":"wp","href":"https:\/\/api.w.org\/{rel}","templated":true}]}}